{"id":937,"date":"2024-03-18T10:34:19","date_gmt":"2024-03-18T13:34:19","guid":{"rendered":"https:\/\/prosigavfh.cl\/blog\/?p=937"},"modified":"2024-03-18T10:34:33","modified_gmt":"2024-03-18T13:34:33","slug":"chile-inaugura-la-planta-solar-mas-grande-de-sudamerica-ubicada-en-el-maule","status":"publish","type":"post","link":"https:\/\/prosiga.cl\/blog\/2024\/03\/18\/chile-inaugura-la-planta-solar-mas-grande-de-sudamerica-ubicada-en-el-maule\/","title":{"rendered":"Chile inaugura la planta solar m\u00e1s grande de Sudam\u00e9rica ubicada en el Maule"},"content":{"rendered":"\t\t<div data-elementor-type=\"wp-post\" data-elementor-id=\"937\" class=\"elementor elementor-937\">\n\t\t\t\t\t\t\t<div class=\"elementor-element elementor-element-3b8d2a64 e-flex e-con-boxed e-con e-parent\" data-id=\"3b8d2a64\" data-element_type=\"container\" data-settings=\"{&quot;content_width&quot;:&quot;boxed&quot;}\" data-core-v316-plus=\"true\">\n\t\t\t\t\t<div class=\"e-con-inner\">\n\t\t\t\t<div class=\"elementor-element elementor-element-1bb3f975 elementor-widget elementor-widget-text-editor\" data-id=\"1bb3f975\" data-element_type=\"widget\" data-widget_type=\"text-editor.default\">\n\t\t\t\t<div class=\"elementor-widget-container\">\n\t\t\t<style>\/*! elementor - v3.18.0 - 20-12-2023 *\/\n.elementor-widget-text-editor.elementor-drop-cap-view-stacked .elementor-drop-cap{background-color:#69727d;color:#fff}.elementor-widget-text-editor.elementor-drop-cap-view-framed .elementor-drop-cap{color:#69727d;border:3px solid;background-color:transparent}.elementor-widget-text-editor:not(.elementor-drop-cap-view-default) .elementor-drop-cap{margin-top:8px}.elementor-widget-text-editor:not(.elementor-drop-cap-view-default) .elementor-drop-cap-letter{width:1em;height:1em}.elementor-widget-text-editor .elementor-drop-cap{float:left;text-align:center;line-height:1;font-size:50px}.elementor-widget-text-editor .elementor-drop-cap-letter{display:inline-block}<\/style>\t\t\t\t<!-- wp:paragraph -->\n<p id=\"&quot;&quot;&quot;&quot;&quot;&quot;docs-internal-guid-0d1a1478-3876-e6a3-0180-32422d6f990e&quot;&quot;&quot;&quot;&quot;&quot;\">En el \u00faltimo d\u00eda de su gira por la Regi\u00f3n del Maule, el Presidente de la Rep\u00fablica, Gabriel Boric Font, encabez\u00f3 la inauguraci\u00f3n de la planta fotovoltaica Gran Teno, proyecto para la generaci\u00f3n el\u00e9ctrica desarrollado y construido por la empresa Grenergy Renovables que abastecer\u00e1 a m\u00e1s de 136 mil hogares y evitar\u00e1 la emisi\u00f3n de 147 mil toneladas de CO2 al a\u00f1o.<\/p>\n<p>&nbsp;<\/p>\n<!-- \/wp:paragraph -->\n\n<!-- wp:paragraph -->\n<p>En compa\u00f1\u00eda del CEO de la empresa, David Ruiz de Andr\u00e9s; el ministro de Econom\u00eda, Fomento y Turismo, Nicol\u00e1s Grau; el delegado presidencial de la Regi\u00f3n del Maule, Humberto Aqueveque; la alcaldesa de Teno, Sandra Am\u00e9stica; el CEO de la Grenergy, David Ruiz, entre otros representantes de la compa\u00f1\u00eda, el Mandatario se\u00f1al\u00f3 que esta planta solar \u201cdemuestra que no s\u00f3lo es necesario, sino posible, avanzar hacia un futuro m\u00e1s limpio y sostenible en la medida que los diferentes actores nos comprometamos con ello\u201d.<\/p>\n<p>&nbsp;<\/p>\n<!-- \/wp:paragraph -->\n\n<!-- wp:paragraph -->\n<p>Grenergy, empresa internacional con sede en Espa\u00f1a, que ha construido m\u00e1s de 60 plantas en nuestro pa\u00eds, cuenta con una plataforma global de m\u00e1s de 15 GW en varias etapas de desarrollo en los 11 pa\u00edses de Europa y Latinoam\u00e9rica en donde opera.<\/p>\n<p>&nbsp;<\/p>\n<!-- \/wp:paragraph -->\n\n<!-- wp:paragraph -->\n<p>El CEO de la compa\u00f1\u00eda, David Ruiz de Andr\u00e9s, afirm\u00f3 que \u201ceste hito es una muestra m\u00e1s de nuestra apuesta decidida por Chile. Hemos invertido ya m\u00e1s de 700 millones de d\u00f3lares en el pa\u00eds, a los que se van a sumar otros 1.400 millones para el desarrollo de Oasis de Atacama. Se trata de la mayor bater\u00eda a nivel mundial y aportar\u00e1 4,1 GWh de almacenamiento de energ\u00eda verde para transformar la matriz energ\u00e9tica chilena y fomentar el desarrollo sostenible\u201d.<\/p>\n<p>&nbsp;<\/p>\n<!-- \/wp:paragraph -->\n\n<!-- wp:paragraph -->\n<p>En septiembre de 2022, por primera vez en la historia de Chile, la suma de la participaci\u00f3n anual de generaci\u00f3n en base a energ\u00eda solar y e\u00f3lica super\u00f3 el aporte del carb\u00f3n. En enero de este a\u00f1o, adem\u00e1s, la generaci\u00f3n de energ\u00eda el\u00e9ctrica proveniente de energ\u00edas renovables no convencionales alcanz\u00f3 el 42,6%, un aumento de un 11,6% en comparaci\u00f3n a enero de 2023.<\/p>\n<p>&nbsp;<\/p>\n<!-- \/wp:paragraph -->\n\n<!-- wp:paragraph -->\n<p>\u201cChile fue calificado como el pa\u00eds m\u00e1s atractivo para invertir en Am\u00e9rica Latina en energ\u00eda renovable y uno de los 15 m\u00e1s atractivos del mundo. Eso se muestra con esta inversi\u00f3n y se potencia con la inversi\u00f3n que est\u00e1n haciendo en Atacama\u201d, sostuvo el Jefe de Estado.<\/p>\n<p>&nbsp;<\/p>\n<!-- \/wp:paragraph -->\n\n<!-- wp:paragraph -->\n<p>El ministro de Econom\u00eda, Fomento y Turismo, Nicol\u00e1s Grau, asegur\u00f3 que \u201cqueremos multiplicar y escalar proyectos como Teno\u201d. \u201cEsta es una importante inversi\u00f3n para la Regi\u00f3n del Maule, que entregar\u00e1 energ\u00eda limpia y a bajo costo. Nuestra tarea principal este a\u00f1o es acelerar la inversi\u00f3n para que m\u00e1s proyectos como este logren materializarse\u00bb, agreg\u00f3.<\/p>\n<p>&nbsp;<\/p>\n<p><center><iframe title=\"YouTube video player\" src=\"https:\/\/www.youtube.com\/embed\/ZHuYAylIN2o?si=WISY1V9CJilRQ31p\" width=\"560\" height=\"315\" frameborder=\"0\" allowfullscreen=\"allowfullscreen\"><\/iframe><\/p>\n<p>&nbsp;<\/p><\/center>\n<p>Fuente: <a href=\"https:\/\/www.economia.gob.cl\/2024\/03\/13\/presidente-de-la-republica-gabriel-boric-font-inaugura-la-planta-fotovoltaica-gran-teno-demuestra-que-es-posible-avanzar-hacia-un-futuro-mas-limpio-y-sostenible.htm\" target=\"_blank\" rel=\"noopener\">Ministerio de Econom\u00eda\u00a0<\/a><\/p>\n<!-- \/wp:paragraph -->\t\t\t\t\t\t<\/div>\n\t\t\t\t<\/div>\n\t\t\t\t\t<\/div>\n\t\t\t\t<\/div>\n\t\t\t\t\t\t\t<\/div>\n\t\t","protected":false},"excerpt":{"rendered":"<p>En el \u00faltimo d\u00eda de su gira por la Regi\u00f3n del Maule, el Presidente de la Rep\u00fablica, Gabriel Boric Font, encabez\u00f3 la inauguraci\u00f3n de la planta fotovoltaica Gran Teno, proyecto para la generaci\u00f3n el\u00e9ctrica desarrollado y construido por la empresa Grenergy Renovables que abastecer\u00e1 a m\u00e1s de 136 mil hogares y evitar\u00e1 la emisi\u00f3n de [&hellip;]<\/p>\n","protected":false},"author":3,"featured_media":940,"comment_status":"open","ping_status":"open","sticky":false,"template":"","format":"standard","meta":{"footnotes":""},"categories":[22],"tags":[93,96,94,95],"class_list":["post-937","post","type-post","status-publish","format-standard","has-post-thumbnail","hentry","category-prosiga","tag-gran-teno","tag-grenergy","tag-planta-solar","tag-region-del-maule"],"_links":{"self":[{"href":"https:\/\/prosiga.cl\/blog\/wp-json\/wp\/v2\/posts\/937","targetHints":{"allow":["GET"]}}],"collection":[{"href":"https:\/\/prosiga.cl\/blog\/wp-json\/wp\/v2\/posts"}],"about":[{"href":"https:\/\/prosiga.cl\/blog\/wp-json\/wp\/v2\/types\/post"}],"author":[{"embeddable":true,"href":"https:\/\/prosiga.cl\/blog\/wp-json\/wp\/v2\/users\/3"}],"replies":[{"embeddable":true,"href":"https:\/\/prosiga.cl\/blog\/wp-json\/wp\/v2\/comments?post=937"}],"version-history":[{"count":9,"href":"https:\/\/prosiga.cl\/blog\/wp-json\/wp\/v2\/posts\/937\/revisions"}],"predecessor-version":[{"id":947,"href":"https:\/\/prosiga.cl\/blog\/wp-json\/wp\/v2\/posts\/937\/revisions\/947"}],"wp:featuredmedia":[{"embeddable":true,"href":"https:\/\/prosiga.cl\/blog\/wp-json\/wp\/v2\/media\/940"}],"wp:attachment":[{"href":"https:\/\/prosiga.cl\/blog\/wp-json\/wp\/v2\/media?parent=937"}],"wp:term":[{"taxonomy":"category","embeddable":true,"href":"https:\/\/prosiga.cl\/blog\/wp-json\/wp\/v2\/categories?post=937"},{"taxonomy":"post_tag","embeddable":true,"href":"https:\/\/prosiga.cl\/blog\/wp-json\/wp\/v2\/tags?post=937"}],"curies":[{"name":"wp","href":"https:\/\/api.w.org\/{rel}","templated":true}]}}