{"id":682,"date":"2024-02-06T09:05:59","date_gmt":"2024-02-06T12:05:59","guid":{"rendered":"https:\/\/prosigavfh.cl\/blog\/?p=682"},"modified":"2024-03-04T14:14:41","modified_gmt":"2024-03-04T17:14:41","slug":"ministerio-de-transporte-de-chile-y-ue-presentan-oportunidades-de-inversion-en-electromovilidad-para-santiago","status":"publish","type":"post","link":"https:\/\/prosiga.cl\/blog\/2024\/02\/06\/ministerio-de-transporte-de-chile-y-ue-presentan-oportunidades-de-inversion-en-electromovilidad-para-santiago\/","title":{"rendered":"Ministerio de Transporte de Chile y UE presentan oportunidades de inversi\u00f3n en electromovilidad para Santiago"},"content":{"rendered":"\t\t<div data-elementor-type=\"wp-post\" data-elementor-id=\"682\" class=\"elementor elementor-682\">\n\t\t\t\t\t\t\t<div class=\"elementor-element elementor-element-16c05e3a e-flex e-con-boxed e-con e-parent\" data-id=\"16c05e3a\" data-element_type=\"container\" data-settings=\"{&quot;content_width&quot;:&quot;boxed&quot;}\" data-core-v316-plus=\"true\">\n\t\t\t\t\t<div class=\"e-con-inner\">\n\t\t\t\t<div class=\"elementor-element elementor-element-2d27cad7 elementor-widget elementor-widget-text-editor\" data-id=\"2d27cad7\" data-element_type=\"widget\" data-widget_type=\"text-editor.default\">\n\t\t\t\t<div class=\"elementor-widget-container\">\n\t\t\t<style>\/*! elementor - v3.18.0 - 20-12-2023 *\/\n.elementor-widget-text-editor.elementor-drop-cap-view-stacked .elementor-drop-cap{background-color:#69727d;color:#fff}.elementor-widget-text-editor.elementor-drop-cap-view-framed .elementor-drop-cap{color:#69727d;border:3px solid;background-color:transparent}.elementor-widget-text-editor:not(.elementor-drop-cap-view-default) .elementor-drop-cap{margin-top:8px}.elementor-widget-text-editor:not(.elementor-drop-cap-view-default) .elementor-drop-cap-letter{width:1em;height:1em}.elementor-widget-text-editor .elementor-drop-cap{float:left;text-align:center;line-height:1;font-size:50px}.elementor-widget-text-editor .elementor-drop-cap-letter{display:inline-block}<\/style>\t\t\t\t<p><!-- wp:paragraph --><\/p>\n<p>Santiago de Chile se ha convertido en uno de los referentes globales de la electromovilidad, buscando la transformaci\u00f3n hacia un sistema bajo en emisiones que a la vez que provea un servicio que responda a las necesidades de las personas y las ciudades. En esta l\u00ednea, el Sistema Red, con m\u00e1s de 2000 buses el\u00e9ctricos en funcionamiento, es hoy una de las flotas m\u00e1s importantes de Am\u00e9rica Latina.<\/p>\n<p>\u00a0<\/p>\n<p><!-- \/wp:paragraph --><!-- wp:paragraph --><\/p>\n<p>La licitaci\u00f3n p\u00fablica en curso, para la concesi\u00f3n de uso de v\u00edas para buses el\u00e9ctricos, lanzada recientemente por el Directorio de Transporte P\u00fablico Metropolitano, contempla la incorporaci\u00f3n de 1.200 buses el\u00e9ctricos a la flota actual. Esta iniciativa busca consolidar el est\u00e1ndar sostenible del sistema de transporte p\u00fablico y contribuir a la mitigaci\u00f3n del cambio clim\u00e1tico.<\/p>\n<p>\u00a0<\/p>\n<p><!-- \/wp:paragraph --><!-- wp:paragraph --><\/p>\n<p>El avance de la electromovilidad y el transporte sostenible requieren de la participaci\u00f3n de muchos sectores, y especialmente del sector privado. Son las alianzas y la coordinaci\u00f3n entre los diversos actores las que permitir\u00e1n proveer sistemas de transporte seguros, modernos y sostenibles no solo en lo ambiental, sino que tambi\u00e9n en lo econ\u00f3mico y social.<\/p>\n<p>\u00a0<\/p>\n<p><!-- \/wp:paragraph --><!-- wp:paragraph --><\/p>\n<p>Por eso, la Uni\u00f3n Europea a trav\u00e9s de la Direcci\u00f3n General de Asociaciones Internacionales (DG INTPA) y del programa Euroclima, mediante la Deutsche Gesellschaft f\u00fcr Internationale Zusammenarbeit (GIZ) GmbH con la participaci\u00f3n del Ministerio de Transportes y Telecomunicaciones de Chile (MTT) organizaron un webinar destinado a empresas europeas vinculadas al \u00e1mbito de transporte para presentar la nueva licitaci\u00f3n y poder acercar al sector privado europeo a esta iniciativa.<\/p>\n<p>\u00a0<\/p>\n<p><!-- \/wp:paragraph --><!-- wp:paragraph --><\/p>\n<p>Esta licitaci\u00f3n representa una oportunidad de negocio para las empresas europeas que cuentan con experiencia y tecnolog\u00eda en el sector de la movilidad sostenible, y puede permitir seguir tendiendo puentes y colaboraci\u00f3n entre Europa y Chile.<\/p>\n<p>\u00a0<\/p>\n<p><!-- \/wp:paragraph --><!-- wp:paragraph --><\/p>\n<p>En el espacio, que cont\u00f3 con la participaci\u00f3n de diversas empresas e instituciones europeas, particip\u00f3 el ministro de Transportes y Telecomunicaciones, Juan Carlos Mu\u00f1oz, quien agradeci\u00f3 el inter\u00e9s del sector privado europeo en esta iniciativa, destacando esta licitaci\u00f3n como parte del compromiso que el Ministerio de Transportes ha tenido con el transporte p\u00fablico y su mejora.<\/p>\n<p>\u00a0<\/p>\n<p><!-- \/wp:paragraph --><!-- wp:paragraph --><\/p>\n<p>Por su parte, Ewout Sandker, Jefe de Cooperaci\u00f3n de la Delegaci\u00f3n de la Uni\u00f3n Europea, subray\u00f3 el compromiso de la regi\u00f3n en su cooperaci\u00f3n con el pa\u00eds, y la renovada relaci\u00f3n consolidada en el Acuerdo Marco Avanzado, y c\u00f3mo \u00e9ste consolida el v\u00ednculo duradero entre Chile y la Uni\u00f3n Europea, reflejado en el compromiso mutuo con valores compartidos, incluyendo la lucha contra el cambio clim\u00e1tico.<\/p>\n<p>\u00a0<\/p>\n<p><!-- \/wp:paragraph --><!-- wp:paragraph --><\/p>\n<p>Asimismo, Sergio Oliete, Jefe de Unidad de transporte sostenible y desarrollo urbano de la Direcci\u00f3n General de Asociaciones Internacionales de la Comisi\u00f3n Europea se\u00f1al\u00f3 que esta iniciativa se enmarca en la estrategia Global Gateway para la inversi\u00f3n en infraestructura sostenible ya que el transporte, sector estrat\u00e9gico para la descarbonizaci\u00f3n y reducci\u00f3n de emisiones, es uno de los pilares de esta estrategia de la Uni\u00f3n Europea.<\/p>\n<p>\u00a0<\/p>\n<p><!-- \/wp:paragraph --><!-- wp:paragraph --><\/p>\n<p>La licitaci\u00f3n fue presentada por Paola Tapia, Directora del Directorio de Transporte P\u00fablico Metropolitano, quien subray\u00f3 la solidez t\u00e9cnica y normativa de la licitaci\u00f3n, as\u00ed como lo consolidado que se encuentra el modelo de negocio del sistema Red, y las certezas que este entrega para el involucramiento del sector privado.<\/p>\n<p>\u00a0<\/p>\n<p><!-- \/wp:paragraph --><!-- wp:paragraph --><\/p>\n<p>El espacio permiti\u00f3 adem\u00e1s el intercambio y preguntas con las m\u00e1s de 20 empresas europeas representadas en el encuentro.<\/p>\n<p>\u00a0<\/p>\n<p><a href=\"https:\/\/portalinnova.cl\/ministerio-de-transporte-de-chile-y-ue-presentan-oportunidades-de-inversion-en-electromovilidad-para-santiago\/\" target=\"_blank\" rel=\"noopener\">FUENTE:<\/a><\/p>\n<p>\u00a0<\/p>\n<p><!-- \/wp:paragraph --><\/p>\t\t\t\t\t\t<\/div>\n\t\t\t\t<\/div>\n\t\t\t\t\t<\/div>\n\t\t\t\t<\/div>\n\t\t\t\t\t\t\t<\/div>\n\t\t","protected":false},"excerpt":{"rendered":"<p>Santiago de Chile se ha convertido en uno de los referentes globales de la electromovilidad, buscando la transformaci\u00f3n hacia un sistema bajo en emisiones que a la vez que provea un servicio que responda a las necesidades de las personas y las ciudades. En esta l\u00ednea, el Sistema Red, con m\u00e1s de 2000 buses el\u00e9ctricos [&hellip;]<\/p>\n","protected":false},"author":3,"featured_media":687,"comment_status":"open","ping_status":"open","sticky":false,"template":"","format":"standard","meta":{"footnotes":""},"categories":[22],"tags":[27,28,31,29],"class_list":["post-682","post","type-post","status-publish","format-standard","has-post-thumbnail","hentry","category-prosiga","tag-electromovilidad","tag-ministerio-de-transporte","tag-transantiago","tag-union-europea"],"_links":{"self":[{"href":"https:\/\/prosiga.cl\/blog\/wp-json\/wp\/v2\/posts\/682","targetHints":{"allow":["GET"]}}],"collection":[{"href":"https:\/\/prosiga.cl\/blog\/wp-json\/wp\/v2\/posts"}],"about":[{"href":"https:\/\/prosiga.cl\/blog\/wp-json\/wp\/v2\/types\/post"}],"author":[{"embeddable":true,"href":"https:\/\/prosiga.cl\/blog\/wp-json\/wp\/v2\/users\/3"}],"replies":[{"embeddable":true,"href":"https:\/\/prosiga.cl\/blog\/wp-json\/wp\/v2\/comments?post=682"}],"version-history":[{"count":11,"href":"https:\/\/prosiga.cl\/blog\/wp-json\/wp\/v2\/posts\/682\/revisions"}],"predecessor-version":[{"id":694,"href":"https:\/\/prosiga.cl\/blog\/wp-json\/wp\/v2\/posts\/682\/revisions\/694"}],"wp:featuredmedia":[{"embeddable":true,"href":"https:\/\/prosiga.cl\/blog\/wp-json\/wp\/v2\/media\/687"}],"wp:attachment":[{"href":"https:\/\/prosiga.cl\/blog\/wp-json\/wp\/v2\/media?parent=682"}],"wp:term":[{"taxonomy":"category","embeddable":true,"href":"https:\/\/prosiga.cl\/blog\/wp-json\/wp\/v2\/categories?post=682"},{"taxonomy":"post_tag","embeddable":true,"href":"https:\/\/prosiga.cl\/blog\/wp-json\/wp\/v2\/tags?post=682"}],"curies":[{"name":"wp","href":"https:\/\/api.w.org\/{rel}","templated":true}]}}