{"id":673,"date":"2024-02-05T16:30:00","date_gmt":"2024-02-05T19:30:00","guid":{"rendered":"https:\/\/prosiga.cl\/blog\/?p=673"},"modified":"2024-02-05T16:31:19","modified_gmt":"2024-02-05T19:31:19","slug":"senado-aprobo-modernizacion-de-chilevalora","status":"publish","type":"post","link":"https:\/\/prosiga.cl\/blog\/2024\/02\/05\/senado-aprobo-modernizacion-de-chilevalora\/","title":{"rendered":"Senado aprob\u00f3 modernizaci\u00f3n de ChileValora"},"content":{"rendered":"\t\t<div data-elementor-type=\"wp-post\" data-elementor-id=\"673\" class=\"elementor elementor-673\">\n\t\t\t\t\t\t\t<div class=\"elementor-element elementor-element-e9828ee e-flex e-con-boxed e-con e-parent\" data-id=\"e9828ee\" data-element_type=\"container\" data-settings=\"{&quot;content_width&quot;:&quot;boxed&quot;}\" data-core-v316-plus=\"true\">\n\t\t\t\t\t<div class=\"e-con-inner\">\n\t\t\t\t<div class=\"elementor-element elementor-element-666f94b elementor-widget elementor-widget-text-editor\" data-id=\"666f94b\" data-element_type=\"widget\" data-widget_type=\"text-editor.default\">\n\t\t\t\t<div class=\"elementor-widget-container\">\n\t\t\t<style>\/*! elementor - v3.18.0 - 20-12-2023 *\/\n.elementor-widget-text-editor.elementor-drop-cap-view-stacked .elementor-drop-cap{background-color:#69727d;color:#fff}.elementor-widget-text-editor.elementor-drop-cap-view-framed .elementor-drop-cap{color:#69727d;border:3px solid;background-color:transparent}.elementor-widget-text-editor:not(.elementor-drop-cap-view-default) .elementor-drop-cap{margin-top:8px}.elementor-widget-text-editor:not(.elementor-drop-cap-view-default) .elementor-drop-cap-letter{width:1em;height:1em}.elementor-widget-text-editor .elementor-drop-cap{float:left;text-align:center;line-height:1;font-size:50px}.elementor-widget-text-editor .elementor-drop-cap-letter{display:inline-block}<\/style>\t\t\t\t<p>La sala del Senado ha dado luz verde, por unanimidad, al\u00a0<strong>proyecto de ley que busca modernizar y fortalecer la institucionalidad de ChileValora<\/strong>, culminando as\u00ed su tr\u00e1mite en el Congreso Nacional y dej\u00e1ndolo listo para su pr\u00f3xima promulgaci\u00f3n. Presentada en octubre por el gobierno del Presidente Gabriel Boric, esta iniciativa es un hito en la Agenda de Productividad, especialmente en lo que respecta a la Capacitaci\u00f3n y Reconversi\u00f3n Laboral.<\/p><p>\u00a0<\/p><p>La importancia de ChileValora, dependiente del Ministerio del Trabajo y Previsi\u00f3n Social, radica en su papel fundamental en el aumento de la empleabilidad, especialmente de aquellos grupos con menor acceso a oportunidades laborales. Su\u00a0<strong>modernizaci\u00f3n implica no solo un incremento en los recursos disponibles a trav\u00e9s de la Ley de Presupuesto sino tambi\u00e9n la expansi\u00f3n de su presencia a nivel regional<\/strong>, lo que facilitar\u00e1 la certificaci\u00f3n de competencias laborales adaptadas a las necesidades productivas locales.<\/p><div class=\"row m-0 p-0 mb-2 hide-print-box\"><div class=\"col p-0 banner-ads-cod tp_1_1\"><div id=\"Inread\" class=\"col-12 text-center\">\u00a0<\/div><\/div><\/div><p>Los grandes cambios que vienen son que contar\u00e1n con recursos propios para certificar y no a trav\u00e9s del Sence y del Mintrab como hasta ahora, incrementar la cobertura nacional de certificaciones trav\u00e9s de la creaci\u00f3n de oficinas regionales y facilitar el uso de franquicias tributarias a las empresas para costear la certificaci\u00f3n de sus trabajadores. Adem\u00e1s, ChileValora podr\u00e1 homologar las certificaciones con los pa\u00edses integrantes de la Alianza del Pac\u00edfico (Chile, Colombia, M\u00e9xico y Per\u00fa), entre otras iniciativas.<\/p><p>\u00a0<\/p><p>La\u00a0<strong>certificaci\u00f3n de competencias laborales no solo beneficia a los trabajadores al reconocer sus habilidades y conocimientos, sino que tambi\u00e9n favorece a las empresas al mejorar la productividad y formalizar el empleo<\/strong>. Este proyecto ha recibido un amplio apoyo transversal, destacando la rapidez de su aprobaci\u00f3n en el Congreso Nacional, lo que demuestra la eficacia y la necesidad urgente de su implementaci\u00f3n.<\/p><p>Las reacciones no se han hecho esperar, desde el presidente de la CPC, Ricardo Mewes, hasta representantes de la CUT y la Conapyme, todos han expresado su satisfacci\u00f3n y respaldo al proyecto, enfatizando el\u00a0<strong>impacto positivo que tendr\u00e1 en la empleabilidad y en el desarrollo de competencias laborales en todo el pa\u00eds.<\/strong><\/p><p><strong>\u00a0<\/strong><\/p><p><a href=\"https:\/\/www.reporteminero.cl\/noticia\/noticias\/2024\/02\/modernizacion-chilevalora\" target=\"_blank\" rel=\"noopener\">FUENTE:<\/a><\/p>\t\t\t\t\t\t<\/div>\n\t\t\t\t<\/div>\n\t\t\t\t\t<\/div>\n\t\t\t\t<\/div>\n\t\t\t\t\t\t\t<\/div>\n\t\t","protected":false},"excerpt":{"rendered":"<p>La sala del Senado ha dado luz verde, por unanimidad, al\u00a0proyecto de ley que busca modernizar y fortalecer la institucionalidad de ChileValora, culminando as\u00ed su tr\u00e1mite en el Congreso Nacional y dej\u00e1ndolo listo para su pr\u00f3xima promulgaci\u00f3n. Presentada en octubre por el gobierno del Presidente Gabriel Boric, esta iniciativa es un hito en la Agenda [&hellip;]<\/p>\n","protected":false},"author":3,"featured_media":678,"comment_status":"open","ping_status":"open","sticky":false,"template":"","format":"standard","meta":{"footnotes":""},"categories":[22],"tags":[23,25,24,26],"class_list":["post-673","post","type-post","status-publish","format-standard","has-post-thumbnail","hentry","category-prosiga","tag-chilevalora","tag-ley-de-presupuesto","tag-ministerio-del-trabajo","tag-senado-de-chile"],"_links":{"self":[{"href":"https:\/\/prosiga.cl\/blog\/wp-json\/wp\/v2\/posts\/673","targetHints":{"allow":["GET"]}}],"collection":[{"href":"https:\/\/prosiga.cl\/blog\/wp-json\/wp\/v2\/posts"}],"about":[{"href":"https:\/\/prosiga.cl\/blog\/wp-json\/wp\/v2\/types\/post"}],"author":[{"embeddable":true,"href":"https:\/\/prosiga.cl\/blog\/wp-json\/wp\/v2\/users\/3"}],"replies":[{"embeddable":true,"href":"https:\/\/prosiga.cl\/blog\/wp-json\/wp\/v2\/comments?post=673"}],"version-history":[{"count":7,"href":"https:\/\/prosiga.cl\/blog\/wp-json\/wp\/v2\/posts\/673\/revisions"}],"predecessor-version":[{"id":681,"href":"https:\/\/prosiga.cl\/blog\/wp-json\/wp\/v2\/posts\/673\/revisions\/681"}],"wp:featuredmedia":[{"embeddable":true,"href":"https:\/\/prosiga.cl\/blog\/wp-json\/wp\/v2\/media\/678"}],"wp:attachment":[{"href":"https:\/\/prosiga.cl\/blog\/wp-json\/wp\/v2\/media?parent=673"}],"wp:term":[{"taxonomy":"category","embeddable":true,"href":"https:\/\/prosiga.cl\/blog\/wp-json\/wp\/v2\/categories?post=673"},{"taxonomy":"post_tag","embeddable":true,"href":"https:\/\/prosiga.cl\/blog\/wp-json\/wp\/v2\/tags?post=673"}],"curies":[{"name":"wp","href":"https:\/\/api.w.org\/{rel}","templated":true}]}}