{"id":2679,"date":"2025-12-01T11:56:14","date_gmt":"2025-12-01T14:56:14","guid":{"rendered":"https:\/\/prosiga.cl\/blog\/?p=2679"},"modified":"2025-12-01T12:00:48","modified_gmt":"2025-12-01T15:00:48","slug":"prosiga-muestra-avances-del-proyecto-red-vial-elqui","status":"publish","type":"post","link":"https:\/\/prosiga.cl\/blog\/2025\/12\/01\/prosiga-muestra-avances-del-proyecto-red-vial-elqui\/","title":{"rendered":"PROSIGA muestra avances del proyecto Red Vial Elqui"},"content":{"rendered":"\t\t<div data-elementor-type=\"wp-post\" data-elementor-id=\"2679\" class=\"elementor elementor-2679\">\n\t\t\t\t\t\t\t<div class=\"elementor-element elementor-element-5b3828f8 e-flex e-con-boxed e-con e-parent\" data-id=\"5b3828f8\" data-element_type=\"container\" data-settings=\"{&quot;content_width&quot;:&quot;boxed&quot;}\" data-core-v316-plus=\"true\">\n\t\t\t\t\t<div class=\"e-con-inner\">\n\t\t\t\t<div class=\"elementor-element elementor-element-7f772341 elementor-widget elementor-widget-text-editor\" data-id=\"7f772341\" data-element_type=\"widget\" data-widget_type=\"text-editor.default\">\n\t\t\t\t<div class=\"elementor-widget-container\">\n\t\t\t<style>\/*! elementor - v3.18.0 - 20-12-2023 *\/\n.elementor-widget-text-editor.elementor-drop-cap-view-stacked .elementor-drop-cap{background-color:#69727d;color:#fff}.elementor-widget-text-editor.elementor-drop-cap-view-framed .elementor-drop-cap{color:#69727d;border:3px solid;background-color:transparent}.elementor-widget-text-editor:not(.elementor-drop-cap-view-default) .elementor-drop-cap{margin-top:8px}.elementor-widget-text-editor:not(.elementor-drop-cap-view-default) .elementor-drop-cap-letter{width:1em;height:1em}.elementor-widget-text-editor .elementor-drop-cap{float:left;text-align:center;line-height:1;font-size:50px}.elementor-widget-text-editor .elementor-drop-cap-letter{display:inline-block}<\/style>\t\t\t\t<!-- wp:paragraph -->\n<p>Nos complace compartir con ustedes los avances del proyecto <strong>\u201cAsesor\u00eda a la Inspecci\u00f3n Fiscal para Contratos de Conservaci\u00f3n de la Red Vial\u201d<\/strong>, que nuestra empresa <a href=\"http:\/\/prosiga.cl\">PROSIGA<\/a> est\u00e1 ejecutando en la <strong><a href=\"https:\/\/es.wikipedia.org\/wiki\/Provincia_de_Elqui\" target=\"_blank\" rel=\"noopener\">Provincia del Elqui<\/a>, Regi\u00f3n de Coquimbo<\/strong>.<\/p>\n<p>\u00a0<\/p>\n<!-- \/wp:paragraph --><!-- wp:image {\"id\":2681,\"sizeSlug\":\"full\",\"linkDestination\":\"none\",\"align\":\"center\"} -->\n<figure class=\"wp-block-image aligncenter size-full\"><img fetchpriority=\"high\" decoding=\"async\" class=\"alignnone wp-image-2681\" src=\"https:\/\/prosiga.cl\/blog\/wp-content\/uploads\/2025\/12\/GetAttachmentThumbnail-1.jpg\" alt=\"Avances Proyecto Elqui\" width=\"601\" height=\"250\" srcset=\"https:\/\/prosiga.cl\/blog\/wp-content\/uploads\/2025\/12\/GetAttachmentThumbnail-1.jpg 601w, https:\/\/prosiga.cl\/blog\/wp-content\/uploads\/2025\/12\/GetAttachmentThumbnail-1-300x125.jpg 300w\" sizes=\"(max-width: 601px) 100vw, 601px\" \/><\/figure>\n<!-- \/wp:image --><!-- wp:paragraph -->\n<p>\u00a0<\/p>\n<p>Este proyecto busca mejorar la <strong>Ruta D-205<\/strong>, que actualmente presenta un bajo est\u00e1ndar vial, con calzada de tierra, geometr\u00eda irregular y deficiencias en saneamiento y seguridad. El objetivo principal es <strong>optimizar la infraestructura vial<\/strong>, garantizando mayor seguridad y comodidad para los usuarios.<\/p>\n<p>\u00a0<\/p>\n<!-- \/wp:paragraph --><!-- wp:heading {\"level\":4} -->\n<h3 class=\"wp-block-heading\"><strong>Avances destacados Proyecto Elqui<\/strong><\/h3>\n<!-- \/wp:heading --><!-- wp:list -->\n<ul class=\"wp-block-list\"><!-- wp:list-item -->\n<li><strong>Aplicaci\u00f3n de capa de maicillo<\/strong> de 15 cm de espesor y 7 metros de ancho promedio en los tramos intervenidos.<\/li>\n<!-- \/wp:list-item --><!-- wp:list-item -->\n<li><strong>Mejoramiento del drenaje<\/strong> longitudinal y transversal, incluyendo la construcci\u00f3n y reparaci\u00f3n de cunetas, vados y alcantarillas.<\/li>\n<!-- \/wp:list-item --><!-- wp:list-item -->\n<li><strong>Instalaci\u00f3n de se\u00f1alizaci\u00f3n vertical y defensas camineras<\/strong>, reforzando la seguridad vial.<\/li>\n<!-- \/wp:list-item --><!-- wp:list-item -->\n<li>Preparaci\u00f3n para la aplicaci\u00f3n de <strong>sello asf\u00e1ltico tipo Cape Seal con pol\u00edmero<\/strong>, que incluye limpieza profunda, retiro de tachas antiguas y reparaciones superficiales y profundas.<\/li>\n<!-- \/wp:list-item --><!-- wp:list-item -->\n<li>Pr\u00f3xima <strong>demarcaci\u00f3n de l\u00edneas de eje, bordes y s\u00edmbolos<\/strong>, junto con la instalaci\u00f3n de nuevas tachas reflectantes.<\/li>\n<!-- \/wp:list-item --><\/ul>\n<p>\u00a0<\/p>\n<!-- \/wp:list --><!-- wp:image {\"id\":2682,\"sizeSlug\":\"large\",\"linkDestination\":\"none\",\"align\":\"center\"} -->\n<figure class=\"wp-block-image aligncenter size-large\"><img decoding=\"async\" class=\"alignnone wp-image-2682\" src=\"https:\/\/prosiga.cl\/blog\/wp-content\/uploads\/2025\/12\/GetAttachmentThumbnail-1024x424.png\" alt=\"Avances Proyecto Elqui\" width=\"1024\" height=\"424\" srcset=\"https:\/\/prosiga.cl\/blog\/wp-content\/uploads\/2025\/12\/GetAttachmentThumbnail-1024x424.png 1024w, https:\/\/prosiga.cl\/blog\/wp-content\/uploads\/2025\/12\/GetAttachmentThumbnail-300x124.png 300w, https:\/\/prosiga.cl\/blog\/wp-content\/uploads\/2025\/12\/GetAttachmentThumbnail-768x318.png 768w, https:\/\/prosiga.cl\/blog\/wp-content\/uploads\/2025\/12\/GetAttachmentThumbnail-675x279.png 675w, https:\/\/prosiga.cl\/blog\/wp-content\/uploads\/2025\/12\/GetAttachmentThumbnail.png 1273w\" sizes=\"(max-width: 1024px) 100vw, 1024px\" \/><\/figure>\n<!-- \/wp:image --><!-- wp:paragraph -->\n<p>\u00a0<\/p>\n<p>Estas acciones permitir\u00e1n transformar una ruta con condiciones limitadas en un camino m\u00e1s seguro y eficiente, beneficiando tanto a la comunidad local como al transporte de carga que circula por la zona.<\/p>\n<p>\u00a0<\/p>\n<!-- \/wp:paragraph --><!-- wp:paragraph -->\n<p>A continuaci\u00f3n, compartimos algunas im\u00e1genes que reflejan el progreso alcanzado en terreno:<\/p>\n<!-- \/wp:paragraph --><!-- wp:paragraph -->\n<p>\u00a0<\/p>\n<!-- \/wp:paragraph -->\t\t\t\t\t\t<\/div>\n\t\t\t\t<\/div>\n\t\t\t\t\t<\/div>\n\t\t\t\t<\/div>\n\t\t<div class=\"elementor-element elementor-element-cada4d7 e-flex e-con-boxed e-con e-parent\" data-id=\"cada4d7\" data-element_type=\"container\" data-settings=\"{&quot;content_width&quot;:&quot;boxed&quot;}\" data-core-v316-plus=\"true\">\n\t\t\t\t\t<div class=\"e-con-inner\">\n\t\t\t\t<div class=\"elementor-element elementor-element-e269c7f elementor-arrows-position-inside elementor-pagination-position-outside elementor-widget elementor-widget-image-carousel\" data-id=\"e269c7f\" data-element_type=\"widget\" data-settings=\"{&quot;slides_to_show&quot;:&quot;1&quot;,&quot;navigation&quot;:&quot;both&quot;,&quot;autoplay&quot;:&quot;yes&quot;,&quot;pause_on_hover&quot;:&quot;yes&quot;,&quot;pause_on_interaction&quot;:&quot;yes&quot;,&quot;autoplay_speed&quot;:5000,&quot;infinite&quot;:&quot;yes&quot;,&quot;effect&quot;:&quot;slide&quot;,&quot;speed&quot;:500}\" data-widget_type=\"image-carousel.default\">\n\t\t\t\t<div class=\"elementor-widget-container\">\n\t\t\t<style>\/*! elementor - v3.18.0 - 20-12-2023 *\/\n.elementor-widget-image-carousel .swiper,.elementor-widget-image-carousel .swiper-container{position:static}.elementor-widget-image-carousel .swiper-container .swiper-slide figure,.elementor-widget-image-carousel .swiper .swiper-slide figure{line-height:inherit}.elementor-widget-image-carousel .swiper-slide{text-align:center}.elementor-image-carousel-wrapper:not(.swiper-container-initialized):not(.swiper-initialized) .swiper-slide{max-width:calc(100% \/ var(--e-image-carousel-slides-to-show, 3))}<\/style>\t\t<div class=\"elementor-image-carousel-wrapper swiper\" dir=\"ltr\">\n\t\t\t<div class=\"elementor-image-carousel swiper-wrapper\" aria-live=\"off\">\n\t\t\t\t\t\t\t\t<div class=\"swiper-slide\" role=\"group\" aria-roledescription=\"slide\" aria-label=\"1 de 5\"><figure class=\"swiper-slide-inner\"><img decoding=\"async\" class=\"swiper-slide-image\" src=\"https:\/\/prosiga.cl\/blog\/wp-content\/uploads\/2025\/12\/Panoramica-Rivadavia-Cape-Seal-1-1024x362.jpeg\" alt=\"Panoramica Rivadavia Cape Seal\" \/><\/figure><\/div><div class=\"swiper-slide\" role=\"group\" aria-roledescription=\"slide\" aria-label=\"2 de 5\"><figure class=\"swiper-slide-inner\"><img decoding=\"async\" class=\"swiper-slide-image\" src=\"https:\/\/prosiga.cl\/blog\/wp-content\/uploads\/2025\/12\/Panoramica-SG-D205-1024x376.jpeg\" alt=\"Panor\u00e1mica SG D205\" \/><\/figure><\/div><div class=\"swiper-slide\" role=\"group\" aria-roledescription=\"slide\" aria-label=\"3 de 5\"><figure class=\"swiper-slide-inner\"><img decoding=\"async\" class=\"swiper-slide-image\" src=\"https:\/\/prosiga.cl\/blog\/wp-content\/uploads\/2025\/12\/GetAttachmentThumbnail-2.jpg\" alt=\"GetAttachmentThumbnail\" \/><\/figure><\/div><div class=\"swiper-slide\" role=\"group\" aria-roledescription=\"slide\" aria-label=\"4 de 5\"><figure class=\"swiper-slide-inner\"><img decoding=\"async\" class=\"swiper-slide-image\" src=\"https:\/\/prosiga.cl\/blog\/wp-content\/uploads\/2025\/12\/GetAttachmentThumbnail-1-1024x424.png\" alt=\"GetAttachmentThumbnail\" \/><\/figure><\/div><div class=\"swiper-slide\" role=\"group\" aria-roledescription=\"slide\" aria-label=\"5 de 5\"><figure class=\"swiper-slide-inner\"><img decoding=\"async\" class=\"swiper-slide-image\" src=\"https:\/\/prosiga.cl\/blog\/wp-content\/uploads\/2025\/12\/Panoramica-Rivadavia-Barreras-1024x280.jpeg\" alt=\"Panoramica Rivadavia Barreras\" \/><\/figure><\/div>\t\t\t<\/div>\n\t\t\t\t\t\t\t\t\t\t\t\t<div class=\"elementor-swiper-button elementor-swiper-button-prev\" role=\"button\" tabindex=\"0\">\n\t\t\t\t\t\t<svg aria-hidden=\"true\" class=\"e-font-icon-svg e-eicon-chevron-left\" viewBox=\"0 0 1000 1000\" xmlns=\"http:\/\/www.w3.org\/2000\/svg\"><path d=\"M646 125C629 125 613 133 604 142L308 442C296 454 292 471 292 487 292 504 296 521 308 533L604 854C617 867 629 875 646 875 663 875 679 871 692 858 704 846 713 829 713 812 713 796 708 779 692 767L438 487 692 225C700 217 708 204 708 187 708 171 704 154 692 142 675 129 663 125 646 125Z\"><\/path><\/svg>\t\t\t\t\t<\/div>\n\t\t\t\t\t<div class=\"elementor-swiper-button elementor-swiper-button-next\" role=\"button\" tabindex=\"0\">\n\t\t\t\t\t\t<svg aria-hidden=\"true\" class=\"e-font-icon-svg e-eicon-chevron-right\" viewBox=\"0 0 1000 1000\" xmlns=\"http:\/\/www.w3.org\/2000\/svg\"><path d=\"M696 533C708 521 713 504 713 487 713 471 708 454 696 446L400 146C388 133 375 125 354 125 338 125 325 129 313 142 300 154 292 171 292 187 292 204 296 221 308 233L563 492 304 771C292 783 288 800 288 817 288 833 296 850 308 863 321 871 338 875 354 875 371 875 388 867 400 854L696 533Z\"><\/path><\/svg>\t\t\t\t\t<\/div>\n\t\t\t\t\n\t\t\t\t\t\t\t\t\t<div class=\"swiper-pagination\"><\/div>\n\t\t\t\t\t\t\t\t\t<\/div>\n\t\t\t\t<\/div>\n\t\t\t\t<\/div>\n\t\t\t\t\t<\/div>\n\t\t\t\t<\/div>\n\t\t\t\t\t\t\t<\/div>\n\t\t","protected":false},"excerpt":{"rendered":"<p>Avances en la Red Vial Elqui: PROSIGA lidera mejoras en la Ruta D-205, optimizando seguridad y conectividad en la Provincia del Elqui. Obras incluyen saneamiento, se\u00f1alizaci\u00f3n y aplicaci\u00f3n de sello asf\u00e1ltico Cape Seal. Este proyecto vial en Elqui busca garantizar rutas m\u00e1s seguras y eficientes para la comunidad y el transporte. Descubre c\u00f3mo PROSIGA transforma la infraestructura en Elqui con soluciones integrales.<\/p>\n","protected":false},"author":3,"featured_media":2684,"comment_status":"open","ping_status":"open","sticky":false,"template":"","format":"standard","meta":{"footnotes":""},"categories":[22],"tags":[220,117,302,303],"class_list":["post-2679","post","type-post","status-publish","format-standard","has-post-thumbnail","hentry","category-prosiga","tag-aif","tag-prosiga","tag-red-vial-elqui","tag-ruta-d-205"],"_links":{"self":[{"href":"https:\/\/prosiga.cl\/blog\/wp-json\/wp\/v2\/posts\/2679","targetHints":{"allow":["GET"]}}],"collection":[{"href":"https:\/\/prosiga.cl\/blog\/wp-json\/wp\/v2\/posts"}],"about":[{"href":"https:\/\/prosiga.cl\/blog\/wp-json\/wp\/v2\/types\/post"}],"author":[{"embeddable":true,"href":"https:\/\/prosiga.cl\/blog\/wp-json\/wp\/v2\/users\/3"}],"replies":[{"embeddable":true,"href":"https:\/\/prosiga.cl\/blog\/wp-json\/wp\/v2\/comments?post=2679"}],"version-history":[{"count":12,"href":"https:\/\/prosiga.cl\/blog\/wp-json\/wp\/v2\/posts\/2679\/revisions"}],"predecessor-version":[{"id":2700,"href":"https:\/\/prosiga.cl\/blog\/wp-json\/wp\/v2\/posts\/2679\/revisions\/2700"}],"wp:featuredmedia":[{"embeddable":true,"href":"https:\/\/prosiga.cl\/blog\/wp-json\/wp\/v2\/media\/2684"}],"wp:attachment":[{"href":"https:\/\/prosiga.cl\/blog\/wp-json\/wp\/v2\/media?parent=2679"}],"wp:term":[{"taxonomy":"category","embeddable":true,"href":"https:\/\/prosiga.cl\/blog\/wp-json\/wp\/v2\/categories?post=2679"},{"taxonomy":"post_tag","embeddable":true,"href":"https:\/\/prosiga.cl\/blog\/wp-json\/wp\/v2\/tags?post=2679"}],"curies":[{"name":"wp","href":"https:\/\/api.w.org\/{rel}","templated":true}]}}