{"id":2541,"date":"2025-08-18T17:36:20","date_gmt":"2025-08-18T20:36:20","guid":{"rendered":"https:\/\/prosiga.cl\/blog\/?p=2541"},"modified":"2025-08-19T16:14:11","modified_gmt":"2025-08-19T19:14:11","slug":"ampliaciones-de-infraestructura-de-transmision-electrica-en-la-araucania-proyecto-energia-segura-para-el-futuro-del-sur-de-chile","status":"publish","type":"post","link":"https:\/\/prosiga.cl\/blog\/2025\/08\/18\/ampliaciones-de-infraestructura-de-transmision-electrica-en-la-araucania-proyecto-energia-segura-para-el-futuro-del-sur-de-chile\/","title":{"rendered":"Ampliaciones de Infraestructura de Transmisi\u00f3n El\u00e9ctrica en La Araucan\u00eda: Proyecto, Energ\u00eda Segura para el Futuro del Sur de Chile"},"content":{"rendered":"\t\t<div data-elementor-type=\"wp-post\" data-elementor-id=\"2541\" class=\"elementor elementor-2541\">\n\t\t\t\t\t\t\t<div class=\"elementor-element elementor-element-7abbf06c e-flex e-con-boxed e-con e-parent\" data-id=\"7abbf06c\" data-element_type=\"container\" data-settings=\"{&quot;content_width&quot;:&quot;boxed&quot;}\" data-core-v316-plus=\"true\">\n\t\t\t\t\t<div class=\"e-con-inner\">\n\t\t\t\t<div class=\"elementor-element elementor-element-528eef35 elementor-widget elementor-widget-text-editor\" data-id=\"528eef35\" data-element_type=\"widget\" data-widget_type=\"text-editor.default\">\n\t\t\t\t<div class=\"elementor-widget-container\">\n\t\t\t<style>\/*! elementor - v3.18.0 - 20-12-2023 *\/\n.elementor-widget-text-editor.elementor-drop-cap-view-stacked .elementor-drop-cap{background-color:#69727d;color:#fff}.elementor-widget-text-editor.elementor-drop-cap-view-framed .elementor-drop-cap{color:#69727d;border:3px solid;background-color:transparent}.elementor-widget-text-editor:not(.elementor-drop-cap-view-default) .elementor-drop-cap{margin-top:8px}.elementor-widget-text-editor:not(.elementor-drop-cap-view-default) .elementor-drop-cap-letter{width:1em;height:1em}.elementor-widget-text-editor .elementor-drop-cap{float:left;text-align:center;line-height:1;font-size:50px}.elementor-widget-text-editor .elementor-drop-cap-letter{display:inline-block}<\/style>\t\t\t\t<!-- wp:paragraph -->\n<h3><strong>\u00a0Introducci\u00f3n en Contexto<\/strong><\/h3>\n<p>\u00a0<\/p>\n<!-- \/wp:paragraph --><!-- wp:paragraph -->\n<p>En el marco del contrato para el <strong>Servicio de Inspecci\u00f3n T\u00e9cnica de Obras: Grupo 7 &#8211; DS185, se trabaj\u00f3 en:<\/strong><\/p>\n<!-- \/wp:paragraph --><!-- wp:list -->\n<ul class=\"wp-block-list\"><!-- wp:list-item -->\n<li><strong>Ampliaci\u00f3n en S\/E <a href=\"https:\/\/es.wikipedia.org\/wiki\/Temuco\" target=\"_blank\" rel=\"noopener\">Temuco<\/a> (BPS+BT)<\/strong><\/li>\n<!-- \/wp:list-item --><!-- wp:list-item -->\n<li><strong>Cambio interruptor Pa\u00f1o Acoplador en S\/E Temuco<\/strong><\/li>\n<!-- \/wp:list-item --><!-- wp:list-item -->\n<li><strong>Ampliaci\u00f3n en S\/E Temuco (NTR ATMT)<\/strong><\/li>\n<!-- \/wp:list-item --><\/ul>\n<p><img fetchpriority=\"high\" decoding=\"async\" class=\"aligncenter wp-image-2542 size-large\" src=\"https:\/\/prosiga.cl\/blog\/wp-content\/uploads\/2025\/08\/d13be3a7-7488-4c01-91af-64ecad3049c0-1024x768.jpg\" alt=\"Ampliaciones de S\/E Temuco - Proyecto de Energ\u00eda\" width=\"1024\" height=\"768\" srcset=\"https:\/\/prosiga.cl\/blog\/wp-content\/uploads\/2025\/08\/d13be3a7-7488-4c01-91af-64ecad3049c0-1024x768.jpg 1024w, https:\/\/prosiga.cl\/blog\/wp-content\/uploads\/2025\/08\/d13be3a7-7488-4c01-91af-64ecad3049c0-300x225.jpg 300w, https:\/\/prosiga.cl\/blog\/wp-content\/uploads\/2025\/08\/d13be3a7-7488-4c01-91af-64ecad3049c0-768x576.jpg 768w, https:\/\/prosiga.cl\/blog\/wp-content\/uploads\/2025\/08\/d13be3a7-7488-4c01-91af-64ecad3049c0-1536x1152.jpg 1536w, https:\/\/prosiga.cl\/blog\/wp-content\/uploads\/2025\/08\/d13be3a7-7488-4c01-91af-64ecad3049c0-2048x1536.jpg 2048w, https:\/\/prosiga.cl\/blog\/wp-content\/uploads\/2025\/08\/d13be3a7-7488-4c01-91af-64ecad3049c0-675x506.jpg 675w, https:\/\/prosiga.cl\/blog\/wp-content\/uploads\/2025\/08\/d13be3a7-7488-4c01-91af-64ecad3049c0-1400x1050.jpg 1400w, https:\/\/prosiga.cl\/blog\/wp-content\/uploads\/2025\/08\/d13be3a7-7488-4c01-91af-64ecad3049c0-1920x1440.jpg 1920w\" sizes=\"(max-width: 1024px) 100vw, 1024px\" \/><\/p>\n<!-- \/wp:list --><!-- wp:paragraph -->\n<p>\u00a0<\/p>\n<p>El Servicio se desarroll\u00f3 en la Regi\u00f3n de La Araucan\u00eda y PROSIGA ha liderado con \u00e9xito la supervisi\u00f3n de uno de los proyectos que permiten fortalecer el sistema el\u00e9ctrico en el sur de Chile. Estas ampliaciones son claves para mejorar la capacidad y confiabilidad de la infraestructura energ\u00e9tica de la zona mencionada.<\/p>\n<p>\u00a0<\/p>\n<!-- \/wp:paragraph --><!-- wp:paragraph -->\n<h3><strong>\u00a0Descripci\u00f3n del Proyecto<\/strong><\/h3>\n<p>\u00a0<\/p>\n<!-- \/wp:paragraph --><!-- wp:paragraph -->\n<p>El proyecto se estructur\u00f3 en tres etapas secuenciales:<\/p>\n<!-- \/wp:paragraph --><!-- wp:list -->\n<ul class=\"wp-block-list\"><!-- wp:list-item -->\n<li>Ampliaci\u00f3n de barra de <a href=\"https:\/\/www.prosiga.cl\/sector-energia\">alta tensi\u00f3n<\/a><\/li>\n<!-- \/wp:list-item --><!-- wp:list-item -->\n<li>Construcci\u00f3n de pa\u00f1o acoplador<\/li>\n<!-- \/wp:list-item --><!-- wp:list-item -->\n<li>Construcci\u00f3n de pa\u00f1o de transformaci\u00f3n<\/li>\n<!-- \/wp:list-item --><\/ul>\n<p>\u00a0<\/p>\n<!-- \/wp:list --><!-- wp:paragraph -->\n<p>Desde el inicio, se trabaj\u00f3 bajo los est\u00e1ndares t\u00e9cnicos definidos por la empresa mandante, con una rigurosa supervisi\u00f3n documental y t\u00e9cnica por parte de la <a href=\"https:\/\/www.prosiga.cl\/servicio-ito\">Inspecci\u00f3n T\u00e9cnica de Obras (ITO)<\/a>.<\/p>\n<p>\u00a0<\/p>\n<!-- \/wp:paragraph --><!-- wp:paragraph -->\n<h3><strong>Gesti\u00f3n T\u00e9cnica y Control de Riesgos<\/strong><\/h3>\n<p>\u00a0<\/p>\n<!-- \/wp:paragraph --><!-- wp:paragraph -->\n<p>El proyecto se ejecut\u00f3 dentro de los plazos establecidos, cumpliendo adem\u00e1s con los objetivos de calidad y seguridad. La gesti\u00f3n de riesgos fue un pilar fundamental y se desarroll\u00f3 principalmente v\u00eda\u00a0<strong>inducciones, capacitaciones y charlas peri\u00f3dicas<\/strong>, se promovi\u00f3 el autocuidado entre los trabajadores con\u00a0<strong>cero accidentes<\/strong>\u00a0durante la ejecuci\u00f3n delo servicio.<\/p>\n<p>\u00a0<\/p>\n<p><img decoding=\"async\" class=\"aligncenter wp-image-2544 size-large\" src=\"https:\/\/prosiga.cl\/blog\/wp-content\/uploads\/2025\/08\/8593a0d7-ace8-4c7f-9f87-159ff2e4ee15-1024x768.jpg\" alt=\"Ampliaciones de S\/E Temuco - Proyecto de Energ\u00eda\" width=\"1024\" height=\"768\" srcset=\"https:\/\/prosiga.cl\/blog\/wp-content\/uploads\/2025\/08\/8593a0d7-ace8-4c7f-9f87-159ff2e4ee15-1024x768.jpg 1024w, https:\/\/prosiga.cl\/blog\/wp-content\/uploads\/2025\/08\/8593a0d7-ace8-4c7f-9f87-159ff2e4ee15-300x225.jpg 300w, https:\/\/prosiga.cl\/blog\/wp-content\/uploads\/2025\/08\/8593a0d7-ace8-4c7f-9f87-159ff2e4ee15-768x576.jpg 768w, https:\/\/prosiga.cl\/blog\/wp-content\/uploads\/2025\/08\/8593a0d7-ace8-4c7f-9f87-159ff2e4ee15-1536x1152.jpg 1536w, https:\/\/prosiga.cl\/blog\/wp-content\/uploads\/2025\/08\/8593a0d7-ace8-4c7f-9f87-159ff2e4ee15-2048x1536.jpg 2048w, https:\/\/prosiga.cl\/blog\/wp-content\/uploads\/2025\/08\/8593a0d7-ace8-4c7f-9f87-159ff2e4ee15-675x506.jpg 675w, https:\/\/prosiga.cl\/blog\/wp-content\/uploads\/2025\/08\/8593a0d7-ace8-4c7f-9f87-159ff2e4ee15-1400x1050.jpg 1400w, https:\/\/prosiga.cl\/blog\/wp-content\/uploads\/2025\/08\/8593a0d7-ace8-4c7f-9f87-159ff2e4ee15-1920x1440.jpg 1920w\" sizes=\"(max-width: 1024px) 100vw, 1024px\" \/><\/p>\n<!-- \/wp:paragraph --><!-- wp:paragraph -->\n<h3><strong>Relaci\u00f3n con el Mandante y Valor de PROSIGA<\/strong><\/h3>\n<p>\u00a0<\/p>\n<!-- \/wp:paragraph --><!-- wp:paragraph -->\n<p>La relaci\u00f3n con la empresa mandante fue\u00a0<strong>colaborativa y proactiva<\/strong>. La ITO de PROSIGA aport\u00f3 soluciones t\u00e9cnicas y estrat\u00e9gicas en reuniones peri\u00f3dicas, consolidando una imagen profesional y comprometida con los objetivos del cliente.<\/p>\n<p>\u00a0<\/p>\n<!-- \/wp:paragraph --><!-- wp:paragraph -->\n<p>La participaci\u00f3n de PROSIGA fue reconocida por su\u00a0<strong>alto nivel t\u00e9cnico<\/strong>, su disposici\u00f3n a colaborar y su capacidad para cumplir con los est\u00e1ndares exigidos.<\/p>\n<p>\u00a0<\/p>\n<!-- \/wp:paragraph --><!-- wp:paragraph -->\n<h3><strong>Cierre del Proyecto<\/strong><\/h3>\n<p>\u00a0<\/p>\n<!-- \/wp:paragraph --><!-- wp:paragraph -->\n<p>El cierre se est\u00e1 realizando de forma\u00a0<strong>ordenada y secuencial<\/strong>, tanto en los aspectos constructivos como administrativos. La entrega del producto final refleja una ejecuci\u00f3n de\u00a0<strong>excelente calidad<\/strong>, respaldada por documentaci\u00f3n contractual, protocolos y registros t\u00e9cnicos.<\/p>\n<p>\u00a0<\/p>\n<!-- \/wp:paragraph --><!-- wp:paragraph -->\n<h3><strong>\u00a0Devoluci\u00f3n del Terreno<\/strong><\/h3>\n<p>\u00a0<\/p>\n<!-- \/wp:paragraph --><!-- wp:paragraph -->\n<p>Desde el inicio, se document\u00f3 el estado original del terreno mediante fotograf\u00edas, lo que permiti\u00f3 asegurar una\u00a0<strong>restauraci\u00f3n fiel<\/strong>\u00a0al estado inicial. La ITO supervis\u00f3 el\u00a0<strong>retiro completo de instalaciones, maquinaria y residuos<\/strong>, cumpliendo con la normativa ambiental vigente.<\/p>\n<p>\u00a0<\/p>\n<!-- \/wp:paragraph --><!-- wp:paragraph -->\n<h3><strong>Aprendizajes Clave<\/strong><\/h3>\n<p>\u00a0<\/p>\n<!-- \/wp:paragraph --><!-- wp:paragraph -->\n<p>Uno de los aprendizajes m\u00e1s valiosos fue el\u00a0<strong>trabajo en equipo<\/strong>\u00a0entre la empresa constructora y la ITO PROSIGA, que no solo supervis\u00f3, sino que tambi\u00e9n\u00a0<strong>aport\u00f3 ideas, sugerencias y estrategias<\/strong>\u00a0que facilitaron el avance de obra y el cumplimiento de los objetivos del mandante.<\/p>\n<!-- \/wp:paragraph -->\t\t\t\t\t\t<\/div>\n\t\t\t\t<\/div>\n\t\t\t\t\t<\/div>\n\t\t\t\t<\/div>\n\t\t\t\t\t\t\t<\/div>\n\t\t","protected":false},"excerpt":{"rendered":"<p>PROSIGA lider\u00f3 la supervisi\u00f3n t\u00e9cnica de ampliaciones el\u00e9ctricas en la S\/E Temuco, fortaleciendo la infraestructura energ\u00e9tica en La Araucan\u00eda. El proyecto incluy\u00f3 la construcci\u00f3n de barras de alta tensi\u00f3n y pa\u00f1os acopladores y de transformaci\u00f3n. Se destac\u00f3 la gesti\u00f3n de riesgos con cero accidentes y una relaci\u00f3n colaborativa con el mandante. La ejecuci\u00f3n cumpli\u00f3 con altos est\u00e1ndares t\u00e9cnicos y ambientales. El cierre del proyecto se realiza de forma ordenada, con una restauraci\u00f3n fiel del terreno.<\/p>\n","protected":false},"author":3,"featured_media":2542,"comment_status":"open","ping_status":"open","sticky":false,"template":"","format":"standard","meta":{"footnotes":""},"categories":[22],"tags":[286,287,117,284],"class_list":["post-2541","post","type-post","status-publish","format-standard","has-post-thumbnail","hentry","category-prosiga","tag-amplicaciones","tag-electricas","tag-prosiga","tag-temuco"],"_links":{"self":[{"href":"https:\/\/prosiga.cl\/blog\/wp-json\/wp\/v2\/posts\/2541","targetHints":{"allow":["GET"]}}],"collection":[{"href":"https:\/\/prosiga.cl\/blog\/wp-json\/wp\/v2\/posts"}],"about":[{"href":"https:\/\/prosiga.cl\/blog\/wp-json\/wp\/v2\/types\/post"}],"author":[{"embeddable":true,"href":"https:\/\/prosiga.cl\/blog\/wp-json\/wp\/v2\/users\/3"}],"replies":[{"embeddable":true,"href":"https:\/\/prosiga.cl\/blog\/wp-json\/wp\/v2\/comments?post=2541"}],"version-history":[{"count":17,"href":"https:\/\/prosiga.cl\/blog\/wp-json\/wp\/v2\/posts\/2541\/revisions"}],"predecessor-version":[{"id":2561,"href":"https:\/\/prosiga.cl\/blog\/wp-json\/wp\/v2\/posts\/2541\/revisions\/2561"}],"wp:featuredmedia":[{"embeddable":true,"href":"https:\/\/prosiga.cl\/blog\/wp-json\/wp\/v2\/media\/2542"}],"wp:attachment":[{"href":"https:\/\/prosiga.cl\/blog\/wp-json\/wp\/v2\/media?parent=2541"}],"wp:term":[{"taxonomy":"category","embeddable":true,"href":"https:\/\/prosiga.cl\/blog\/wp-json\/wp\/v2\/categories?post=2541"},{"taxonomy":"post_tag","embeddable":true,"href":"https:\/\/prosiga.cl\/blog\/wp-json\/wp\/v2\/tags?post=2541"}],"curies":[{"name":"wp","href":"https:\/\/api.w.org\/{rel}","templated":true}]}}