{"id":2156,"date":"2025-05-16T13:36:11","date_gmt":"2025-05-16T16:36:11","guid":{"rendered":"https:\/\/prosiga.cl\/blog\/?p=2156"},"modified":"2025-05-22T09:52:56","modified_gmt":"2025-05-22T12:52:56","slug":"ingemed-muestra-avances-en-obra-de-borde-costero-en-el-tabo-70-de-ejecucion-y-transformacion-urbana-en-marcha","status":"publish","type":"post","link":"https:\/\/prosiga.cl\/blog\/2025\/05\/16\/ingemed-muestra-avances-en-obra-de-borde-costero-en-el-tabo-70-de-ejecucion-y-transformacion-urbana-en-marcha\/","title":{"rendered":"INGEMED muestra avances en obra de borde costero en El Tabo: 70% de ejecuci\u00f3n y transformaci\u00f3n urbana en marcha"},"content":{"rendered":"\t\t<div data-elementor-type=\"wp-post\" data-elementor-id=\"2156\" class=\"elementor elementor-2156\">\n\t\t\t\t\t\t\t<div class=\"elementor-element elementor-element-1fc7c213 e-flex e-con-boxed e-con e-parent\" data-id=\"1fc7c213\" data-element_type=\"container\" data-settings=\"{&quot;content_width&quot;:&quot;boxed&quot;}\" data-core-v316-plus=\"true\">\n\t\t\t\t\t<div class=\"e-con-inner\">\n\t\t\t\t<div class=\"elementor-element elementor-element-6baa7474 elementor-widget elementor-widget-text-editor\" data-id=\"6baa7474\" data-element_type=\"widget\" data-widget_type=\"text-editor.default\">\n\t\t\t\t<div class=\"elementor-widget-container\">\n\t\t\t<style>\/*! elementor - v3.18.0 - 20-12-2023 *\/\n.elementor-widget-text-editor.elementor-drop-cap-view-stacked .elementor-drop-cap{background-color:#69727d;color:#fff}.elementor-widget-text-editor.elementor-drop-cap-view-framed .elementor-drop-cap{color:#69727d;border:3px solid;background-color:transparent}.elementor-widget-text-editor:not(.elementor-drop-cap-view-default) .elementor-drop-cap{margin-top:8px}.elementor-widget-text-editor:not(.elementor-drop-cap-view-default) .elementor-drop-cap-letter{width:1em;height:1em}.elementor-widget-text-editor .elementor-drop-cap{float:left;text-align:center;line-height:1;font-size:50px}.elementor-widget-text-editor .elementor-drop-cap-letter{display:inline-block}<\/style>\t\t\t\t<!-- wp:paragraph -->\n<p>En PROSIGA nos complace compartir los avances de uno de los proyectos m\u00e1s significativos que ejecutamos a trav\u00e9s de nuestra empresa del grupo, <strong>INGEMED<\/strong>. Se trata de la <strong>Asesor\u00eda a la Inspecci\u00f3n Fiscal<\/strong> para la obra <em>\u201cConstrucci\u00f3n Borde Costero Playa El Tabo Centro\u201d<\/em>, ubicada en la comuna de El Tabo, Regi\u00f3n de Valpara\u00edso.<\/p>\n<p>\u00a0<\/p>\n<!-- \/wp:paragraph --><!-- wp:paragraph -->\n<p>Actualmente, la iniciativa presenta un <strong>70% de avance<\/strong>, consolidando una infraestructura que permitir\u00e1 transformar y potenciar la relaci\u00f3n de la comunidad con su entorno costero. El objetivo principal del proyecto es ofrecer un <strong>paseo costero accesible, seguro y funcional<\/strong>, que fortalezca el valor urbano, tur\u00edstico y comunitario del sector.<\/p>\n<p>\u00a0<\/p>\n<!-- \/wp:paragraph --><!-- wp:paragraph -->\n<p>El dise\u00f1o de esta obra contempla:<\/p>\n<p>\u00a0<\/p>\n<!-- \/wp:paragraph --><!-- wp:list -->\n<ul class=\"wp-block-list\"><!-- wp:list-item -->\n<li>Paseo peatonal continuo<\/li>\n<!-- \/wp:list-item --><!-- wp:list-item -->\n<li>Jardines de ancho variable<\/li>\n<!-- \/wp:list-item --><!-- wp:list-item -->\n<li>Estacionamiento para veh\u00edculos de emergencia<\/li>\n<!-- \/wp:list-item --><!-- wp:list-item -->\n<li>Deck de madera con acceso universal tipo Mobimat<\/li>\n<!-- \/wp:list-item --><!-- wp:list-item -->\n<li>Jardineras que delimitan el paseo y el acceso a la playa<\/li>\n<!-- \/wp:list-item --><!-- wp:list-item -->\n<li>Planos inclinados que resuelven desniveles<\/li>\n<!-- \/wp:list-item --><!-- wp:list-item -->\n<li>Plaza de juegos y \u00e1rea de m\u00e1quinas de ejercicios<\/li>\n<!-- \/wp:list-item --><!-- wp:list-item -->\n<li>Grader\u00edas y muros de contenci\u00f3n<\/li>\n<!-- \/wp:list-item --><!-- wp:list-item -->\n<li>Franja de estacionamientos paralelos entre calle Josefina y calle Alcalde Jos\u00e9 Arellano<\/li>\n<!-- \/wp:list-item --><\/ul>\n<p>\u00a0<\/p>\n<!-- \/wp:list --><!-- wp:paragraph -->\n<p>Este proyecto no solo aporta en t\u00e9rminos de infraestructura, sino que tambi\u00e9n representa una mejora directa en la calidad de vida de quienes viven o visitan la comuna, generando espacios inclusivos, recreativos y sostenibles.<\/p>\n<p>\u00a0<\/p>\n<!-- \/wp:paragraph --><!-- wp:paragraph -->\n<p>En PROSIGA reafirmamos nuestro compromiso con la ejecuci\u00f3n de <strong>obras p\u00fablicas que transforman territorios<\/strong> y conectan a las personas con un entorno mejor planificado y m\u00e1s habitable.<\/p>\n<p>Encuentra todos nuestros proyectos y \u00e1reas de mercado <a href=\"https:\/\/www.prosiga.cl\/proyectos\">aqu\u00ed en nuestro sitio web.<\/a><\/p>\n<!-- \/wp:paragraph -->\t\t\t\t\t\t<\/div>\n\t\t\t\t<\/div>\n\t\t\t\t\t<\/div>\n\t\t\t\t<\/div>\n\t\t<div class=\"elementor-element elementor-element-f8f5fde e-flex e-con-boxed e-con e-parent\" data-id=\"f8f5fde\" data-element_type=\"container\" data-settings=\"{&quot;content_width&quot;:&quot;boxed&quot;}\" data-core-v316-plus=\"true\">\n\t\t\t\t\t<div class=\"e-con-inner\">\n\t\t\t\t<div class=\"elementor-element elementor-element-eb04d2e elementor-widget elementor-widget-video\" data-id=\"eb04d2e\" data-element_type=\"widget\" data-settings=\"{&quot;video_type&quot;:&quot;hosted&quot;,&quot;controls&quot;:&quot;yes&quot;}\" data-widget_type=\"video.default\">\n\t\t\t\t<div class=\"elementor-widget-container\">\n\t\t\t<style>\/*! elementor - v3.18.0 - 20-12-2023 *\/\n.elementor-widget-video .elementor-widget-container{overflow:hidden;transform:translateZ(0)}.elementor-widget-video .elementor-wrapper{aspect-ratio:var(--video-aspect-ratio)}.elementor-widget-video .elementor-wrapper iframe,.elementor-widget-video .elementor-wrapper video{height:100%;width:100%;display:flex;border:none;background-color:#000}@supports not (aspect-ratio:1\/1){.elementor-widget-video .elementor-wrapper{position:relative;overflow:hidden;height:0;padding-bottom:calc(100% \/ var(--video-aspect-ratio))}.elementor-widget-video .elementor-wrapper iframe,.elementor-widget-video .elementor-wrapper video{position:absolute;top:0;right:0;bottom:0;left:0}}.elementor-widget-video .elementor-open-inline .elementor-custom-embed-image-overlay{position:absolute;top:0;right:0;bottom:0;left:0;background-size:cover;background-position:50%}.elementor-widget-video .elementor-custom-embed-image-overlay{cursor:pointer;text-align:center}.elementor-widget-video .elementor-custom-embed-image-overlay:hover .elementor-custom-embed-play i{opacity:1}.elementor-widget-video .elementor-custom-embed-image-overlay img{display:block;width:100%;aspect-ratio:var(--video-aspect-ratio);-o-object-fit:cover;object-fit:cover;-o-object-position:center center;object-position:center center}@supports not (aspect-ratio:1\/1){.elementor-widget-video .elementor-custom-embed-image-overlay{position:relative;overflow:hidden;height:0;padding-bottom:calc(100% \/ var(--video-aspect-ratio))}.elementor-widget-video .elementor-custom-embed-image-overlay img{position:absolute;top:0;right:0;bottom:0;left:0}}.elementor-widget-video .e-hosted-video .elementor-video{-o-object-fit:cover;object-fit:cover}.e-con-inner>.elementor-widget-video,.e-con>.elementor-widget-video{width:var(--container-widget-width);--flex-grow:var(--container-widget-flex-grow)}<\/style>\t\t<div class=\"e-hosted-video elementor-wrapper elementor-open-inline\">\n\t\t\t\t\t<video class=\"elementor-video\" src=\"https:\/\/prosiga.cl\/blog\/wp-content\/uploads\/2025\/05\/Avance-Ingemed-MEDIA-videosmaller.com_.mp4\" controls=\"\" preload=\"metadata\" controlsList=\"nodownload\"><\/video>\n\t\t\t\t<\/div>\n\t\t\t\t<\/div>\n\t\t\t\t<\/div>\n\t\t\t\t\t<\/div>\n\t\t\t\t<\/div>\n\t\t\t\t\t\t\t<\/div>\n\t\t","protected":false},"excerpt":{"rendered":"<p>En PROSIGA nos complace compartir los avances de uno de los proyectos m\u00e1s significativos que ejecutamos a trav\u00e9s de nuestra empresa del grupo, INGEMED. Se trata de la Asesor\u00eda a la Inspecci\u00f3n Fiscal para la obra \u201cConstrucci\u00f3n Borde Costero Playa El Tabo Centro\u201d, ubicada en la comuna de El Tabo, Regi\u00f3n de Valpara\u00edso. \u00a0 Actualmente, [&hellip;]<\/p>\n","protected":false},"author":3,"featured_media":2159,"comment_status":"open","ping_status":"open","sticky":false,"template":"","format":"standard","meta":{"footnotes":""},"categories":[22],"tags":[220,217,211,219,221,218],"class_list":["post-2156","post","type-post","status-publish","format-standard","has-post-thumbnail","hentry","category-prosiga","tag-aif","tag-el-tabo","tag-infraestructura","tag-ingemed","tag-inspeccion-fiscal","tag-valparaiso"],"_links":{"self":[{"href":"https:\/\/prosiga.cl\/blog\/wp-json\/wp\/v2\/posts\/2156","targetHints":{"allow":["GET"]}}],"collection":[{"href":"https:\/\/prosiga.cl\/blog\/wp-json\/wp\/v2\/posts"}],"about":[{"href":"https:\/\/prosiga.cl\/blog\/wp-json\/wp\/v2\/types\/post"}],"author":[{"embeddable":true,"href":"https:\/\/prosiga.cl\/blog\/wp-json\/wp\/v2\/users\/3"}],"replies":[{"embeddable":true,"href":"https:\/\/prosiga.cl\/blog\/wp-json\/wp\/v2\/comments?post=2156"}],"version-history":[{"count":38,"href":"https:\/\/prosiga.cl\/blog\/wp-json\/wp\/v2\/posts\/2156\/revisions"}],"predecessor-version":[{"id":2204,"href":"https:\/\/prosiga.cl\/blog\/wp-json\/wp\/v2\/posts\/2156\/revisions\/2204"}],"wp:featuredmedia":[{"embeddable":true,"href":"https:\/\/prosiga.cl\/blog\/wp-json\/wp\/v2\/media\/2159"}],"wp:attachment":[{"href":"https:\/\/prosiga.cl\/blog\/wp-json\/wp\/v2\/media?parent=2156"}],"wp:term":[{"taxonomy":"category","embeddable":true,"href":"https:\/\/prosiga.cl\/blog\/wp-json\/wp\/v2\/categories?post=2156"},{"taxonomy":"post_tag","embeddable":true,"href":"https:\/\/prosiga.cl\/blog\/wp-json\/wp\/v2\/tags?post=2156"}],"curies":[{"name":"wp","href":"https:\/\/api.w.org\/{rel}","templated":true}]}}