{"id":2100,"date":"2025-04-28T15:10:32","date_gmt":"2025-04-28T18:10:32","guid":{"rendered":"https:\/\/prosiga.cl\/blog\/?p=2100"},"modified":"2025-04-28T16:26:45","modified_gmt":"2025-04-28T19:26:45","slug":"prosiga-se-adjudicada-nuevo-proyecto-de-inspeccion-fiscal-en-la-provincia-del-elqui-region-de-coquimbo","status":"publish","type":"post","link":"https:\/\/prosiga.cl\/blog\/2025\/04\/28\/prosiga-se-adjudicada-nuevo-proyecto-de-inspeccion-fiscal-en-la-provincia-del-elqui-region-de-coquimbo\/","title":{"rendered":"PROSIGA se adjudicada nuevo proyecto de inspecci\u00f3n fiscal en la Provincia del Elqui, Regi\u00f3n de Coquimbo"},"content":{"rendered":"\t\t<div data-elementor-type=\"wp-post\" data-elementor-id=\"2100\" class=\"elementor elementor-2100\">\n\t\t\t\t\t\t\t<div class=\"elementor-element elementor-element-7ed3d00d e-flex e-con-boxed e-con e-parent\" data-id=\"7ed3d00d\" data-element_type=\"container\" data-settings=\"{&quot;content_width&quot;:&quot;boxed&quot;}\" data-core-v316-plus=\"true\">\n\t\t\t\t\t<div class=\"e-con-inner\">\n\t\t\t\t<div class=\"elementor-element elementor-element-3e39bfde elementor-widget elementor-widget-text-editor\" data-id=\"3e39bfde\" data-element_type=\"widget\" data-widget_type=\"text-editor.default\">\n\t\t\t\t<div class=\"elementor-widget-container\">\n\t\t\t<style>\/*! elementor - v3.18.0 - 20-12-2023 *\/\n.elementor-widget-text-editor.elementor-drop-cap-view-stacked .elementor-drop-cap{background-color:#69727d;color:#fff}.elementor-widget-text-editor.elementor-drop-cap-view-framed .elementor-drop-cap{color:#69727d;border:3px solid;background-color:transparent}.elementor-widget-text-editor:not(.elementor-drop-cap-view-default) .elementor-drop-cap{margin-top:8px}.elementor-widget-text-editor:not(.elementor-drop-cap-view-default) .elementor-drop-cap-letter{width:1em;height:1em}.elementor-widget-text-editor .elementor-drop-cap{float:left;text-align:center;line-height:1;font-size:50px}.elementor-widget-text-editor .elementor-drop-cap-letter{display:inline-block}<\/style>\t\t\t\t<p>Es de nuestro agrado informarles que nuestra empresa<strong> PROSIGA<\/strong>, se ha adjudicado una nueva licitaci\u00f3n, esta vez el proyecto est\u00e1 ligado al \u00e1rea vial en el norte del pa\u00eds.<\/p>\n<p>\u00a0<\/p>\n<p><!-- \/wp:paragraph --><!-- wp:paragraph --><\/p>\n<p>Se trata de de una &#8220;Asesor\u00eda a La Inspecci\u00f3n Fiscal para Contratos de Conservaci\u00f3n de la Red Vial&#8221;, la cual se llevar\u00e1 a cabo en la Provincia del Elqui en la Regi\u00f3n de Coquimbo.<\/p>\n<p>\u00a0<\/p>\n<p><!-- \/wp:paragraph --><!-- wp:paragraph --><\/p>\n<h3><strong>Descripci\u00f3n General<\/strong><\/h3>\n<p>\u00a0<\/p>\n<p><!-- \/wp:paragraph --><!-- wp:paragraph {\"className\":\"\"} --><\/p>\n<p>La Ruta D-205 presenta varios problemas debido a su bajo est\u00e1ndar vial. La mayor\u00eda del camino tiene una calzada de tierra, con geometr\u00eda irregular, ya que bordea varias quebradas. Aunque ha recibido mantenciones peri\u00f3dicas, existen sectores angostos y en estado de conservaci\u00f3n solo medio.<\/p>\n<p>\u00a0<\/p>\n<p><!-- \/wp:paragraph --><!-- wp:paragraph {\"className\":\"\"} --><\/p>\n<p>Un problema importante es la circulaci\u00f3n de camiones de gran tonelaje, que, al pasar, levantan polvo y da\u00f1an la superficie, afectando la seguridad y la calidad del camino.<\/p>\n<p>\u00a0<\/p>\n<p><!-- \/wp:paragraph --><!-- wp:paragraph {\"className\":\"\"} --><\/p>\n<p>Actualmente:<\/p>\n<p><!-- \/wp:paragraph --><!-- wp:list --><\/p>\n<ul class=\"wp-block-list\">\n<li style=\"list-style-type: none;\">\n<ul class=\"wp-block-list\"><!-- wp:list-item --><\/ul>\n<\/li>\n<\/ul>\n<ul class=\"wp-block-list\">\n<li style=\"list-style-type: none;\">\n<ul class=\"wp-block-list\">\n<li>El ancho promedio de la calzada es de 6 metros, pero en algunos sectores es m\u00e1s estrecho.<\/li>\n<\/ul>\n<\/li>\n<\/ul>\n<p><!-- \/wp:list-item --><!-- wp:list-item --><\/p>\n<ul class=\"wp-block-list\">\n<li style=\"list-style-type: none;\">\n<ul class=\"wp-block-list\">\n<li>El estado general de la calzada granular es aceptable, aunque no se han hecho mejoras para facilitar el paso de veh\u00edculos grandes.<\/li>\n<\/ul>\n<\/li>\n<\/ul>\n<p><!-- \/wp:list-item --><!-- wp:list-item --><\/p>\n<ul class=\"wp-block-list\">\n<li style=\"list-style-type: none;\">\n<ul class=\"wp-block-list\">\n<li>El drenaje longitudinal es muy b\u00e1sico, compuesto solo por cunetas de tierra naturales, y el drenaje transversal (alcantarillas y vados) es insuficiente.<\/li>\n<\/ul>\n<\/li>\n<\/ul>\n<p><!-- \/wp:list-item --><!-- wp:list-item --><\/p>\n<ul class=\"wp-block-list\">\n<li style=\"list-style-type: none;\">\n<ul class=\"wp-block-list\">\n<li>La escorrent\u00eda de agua y las bajadas de quebradas est\u00e1n da\u00f1ando continuamente la carpeta del camino.<\/li>\n<\/ul>\n<\/li>\n<\/ul>\n<p><!-- \/wp:list-item --><\/p>\n<p><!-- \/wp:list --><!-- wp:paragraph {\"className\":\"\"} --><\/p>\n<p>Adem\u00e1s, hay muy poca infraestructura de seguridad vial: faltan demarcaciones, se\u00f1alizaci\u00f3n y defensas camineras, lo que representa un riesgo para los usuarios.<\/p>\n<p>\u00a0<\/p>\n<p><!-- \/wp:paragraph --><!-- wp:paragraph {\"className\":\"\"} --><\/p>\n<p>En resumen, es necesario un mejoramiento vial integral que considere la geometr\u00eda, el saneamiento, la seguridad y la estructura del pavimento de la ruta.<\/p>\n<p>\u00a0<\/p>\n<p><!-- \/wp:paragraph --><!-- wp:paragraph {\"className\":\"\"} --><\/p>\n<p>El objetivo principal es mejorar y mantener este tramo de camino aplicando una capa de maicillo de 15 cm de espesor y 7 metros de ancho promedio. Adem\u00e1s, se contemplan obras de saneamiento, se\u00f1alizaci\u00f3n y otras intervenciones complementarias. Si las dimensiones del terreno no permiten realizar el perfil proyectado, se podr\u00e1n hacer ajustes con autorizaci\u00f3n de la Inspecci\u00f3n Fiscal.<\/p>\n<p>\u00a0<\/p>\n<p><!-- \/wp:paragraph --><!-- wp:paragraph {\"className\":\"\"} --><\/p>\n<h4><strong>Se realizar\u00e1n tambi\u00e9n:<\/strong><\/h4>\n<p><!-- \/wp:paragraph --><!-- wp:list --><\/p>\n<ul class=\"wp-block-list\">\n<li style=\"list-style-type: none;\">\n<ul class=\"wp-block-list\"><!-- wp:list-item --><\/ul>\n<\/li>\n<\/ul>\n<ul class=\"wp-block-list\">\n<li style=\"list-style-type: none;\">\n<ul class=\"wp-block-list\">\n<li>Reparaciones en la capa de rodadura y en las cunetas.<\/li>\n<\/ul>\n<\/li>\n<\/ul>\n<p><!-- \/wp:list-item --><!-- wp:list-item --><\/p>\n<ul class=\"wp-block-list\">\n<li style=\"list-style-type: none;\">\n<ul class=\"wp-block-list\">\n<li>Construcci\u00f3n o mejoramiento de obras para el drenaje de aguas (vados y alcantarillas).<\/li>\n<\/ul>\n<\/li>\n<\/ul>\n<p><!-- \/wp:list-item --><!-- wp:list-item --><\/p>\n<ul class=\"wp-block-list\">\n<li style=\"list-style-type: none;\">\n<ul class=\"wp-block-list\">\n<li>Instalaci\u00f3n de nueva se\u00f1alizaci\u00f3n vertical, defensas camineras y elementos de seguridad vial.<\/li>\n<\/ul>\n<\/li>\n<\/ul>\n<p><!-- \/wp:list-item --><\/p>\n<p><!-- \/wp:list --><!-- wp:paragraph {\"className\":\"\"} --><\/p>\n<p>Previo a la aplicaci\u00f3n de un nuevo sello asf\u00e1ltico tipo Cape Seal con pol\u00edmero, se har\u00e1n:<\/p>\n<p><!-- \/wp:paragraph --><!-- wp:list {\"ordered\":true} --><\/p>\n<ol class=\"wp-block-list\">\n<li style=\"list-style-type: none;\">\n<ol class=\"wp-block-list\"><!-- wp:list-item --><\/ol>\n<\/li>\n<\/ol>\n<ol class=\"wp-block-list\">\n<li style=\"list-style-type: none;\">\n<ul class=\"wp-block-list\">\n<li>Retiro de tachas antiguas y limpieza profunda de la superficie.<\/li>\n<\/ul>\n<\/li>\n<\/ol>\n<p><!-- \/wp:list-item --><!-- wp:list-item --><\/p>\n<ul class=\"wp-block-list\">\n<li style=\"list-style-type: none;\">\n<ul class=\"wp-block-list\">\n<li>Reparaciones superficiales (bacheos) donde existan da\u00f1os en el pavimento.<\/li>\n<\/ul>\n<\/li>\n<\/ul>\n<p><!-- \/wp:list-item --><!-- wp:list-item --><\/p>\n<ul class=\"wp-block-list\">\n<li style=\"list-style-type: none;\">\n<ul class=\"wp-block-list\">\n<li>Reparaciones profundas en zonas donde est\u00e9 da\u00f1ada la base del camino.<\/li>\n<\/ul>\n<\/li>\n<\/ul>\n<p>\u00a0<\/p>\n<p><!-- \/wp:list-item --><\/p>\n<p><!-- \/wp:list --><!-- wp:paragraph {\"className\":\"\"} --><\/p>\n<p>Finalmente, se demarcar\u00e1n l\u00edneas de eje, separaci\u00f3n de pistas, bordes, s\u00edmbolos y se instalar\u00e1n nuevas tachas para reforzar la seguridad vial en el tramo intervenido.<\/p>\n<p>\u00a0<\/p>\n<h2><strong>Lugar del proyecto<\/strong><\/h2>\n<p>\u00a0<\/p>\n<p><img fetchpriority=\"high\" decoding=\"async\" class=\"aligncenter wp-image-2129 size-full\" src=\"https:\/\/prosiga.cl\/blog\/wp-content\/uploads\/2025\/04\/Lugar.png\" alt=\"Proyecto de Asesor\u00eda a La Inspecci\u00f3n Fiscal para Contratos de Conservaci\u00f3n de la Red Vial&quot;, la cual se llevar\u00e1 a cabo en la Provincia del Elqui en la Regi\u00f3n de Coquimbo.\" width=\"733\" height=\"576\" srcset=\"https:\/\/prosiga.cl\/blog\/wp-content\/uploads\/2025\/04\/Lugar.png 733w, https:\/\/prosiga.cl\/blog\/wp-content\/uploads\/2025\/04\/Lugar-300x236.png 300w, https:\/\/prosiga.cl\/blog\/wp-content\/uploads\/2025\/04\/Lugar-675x530.png 675w\" sizes=\"(max-width: 733px) 100vw, 733px\" \/><\/p>\n<p><!-- \/wp:paragraph --><!-- wp:paragraph --><\/p>\n<p>\u00a0<\/p>\n<p>Desde <strong>PROSIGA<\/strong>, tomamos este proyecto con mucho orgullo, desplegando todos nuestros profesionales con el m\u00e1s alto est\u00e1ndar de calidad.<\/p>\n<p>\u00a0<\/p>\n<p><!-- \/wp:paragraph --><!-- wp:paragraph --><\/p>\n<p>Desde ya le damos las gracias por brindarnos la confianza de este proyecto\u00a0 a la Direcci\u00f3n Regional de Vialidad Regi\u00f3n de Coquimbo y al Ministerio de Obras P\u00fablicas representado por el Seremi de Obras P\u00fablicas de la Regi\u00f3n de Coquimbo.<\/p>\n<p>\u00a0<\/p>\n<p>Conoce m\u00e1s de nuestros proyectos en <a href=\"https:\/\/www.prosiga.cl\/\">prosiga.cl<\/a><\/p>\n<p>\u00a0<\/p>\n<p><img decoding=\"async\" src=\"https:\/\/www.prosiga.cl\/assets\/img\/logo-prosiga-color.png\" alt=\"PROSIGA\" \/><\/p>\n<p><!-- \/wp:paragraph --><\/p>\t\t\t\t\t\t<\/div>\n\t\t\t\t<\/div>\n\t\t\t\t\t<\/div>\n\t\t\t\t<\/div>\n\t\t\t\t\t\t\t<\/div>\n\t\t","protected":false},"excerpt":{"rendered":"<p>Es de nuestro agrado informarles que nuestra empresa PROSIGA, se ha adjudicado una nueva licitaci\u00f3n, esta vez el proyecto est\u00e1 ligado al \u00e1rea vial en el norte del pa\u00eds. \u00a0 Se trata de de una &#8220;Asesor\u00eda a La Inspecci\u00f3n Fiscal para Contratos de Conservaci\u00f3n de la Red Vial&#8221;, la cual se llevar\u00e1 a cabo en [&hellip;]<\/p>\n","protected":false},"author":3,"featured_media":2115,"comment_status":"open","ping_status":"open","sticky":false,"template":"","format":"standard","meta":{"footnotes":""},"categories":[22],"tags":[253,220,254,252,249,250,117],"class_list":["post-2100","post","type-post","status-publish","format-standard","has-post-thumbnail","hentry","category-prosiga","tag-adjudicado","tag-aif","tag-asesoria-inspeccion-fiscal","tag-elqui","tag-la-serena","tag-las-rojas","tag-prosiga"],"_links":{"self":[{"href":"https:\/\/prosiga.cl\/blog\/wp-json\/wp\/v2\/posts\/2100","targetHints":{"allow":["GET"]}}],"collection":[{"href":"https:\/\/prosiga.cl\/blog\/wp-json\/wp\/v2\/posts"}],"about":[{"href":"https:\/\/prosiga.cl\/blog\/wp-json\/wp\/v2\/types\/post"}],"author":[{"embeddable":true,"href":"https:\/\/prosiga.cl\/blog\/wp-json\/wp\/v2\/users\/3"}],"replies":[{"embeddable":true,"href":"https:\/\/prosiga.cl\/blog\/wp-json\/wp\/v2\/comments?post=2100"}],"version-history":[{"count":50,"href":"https:\/\/prosiga.cl\/blog\/wp-json\/wp\/v2\/posts\/2100\/revisions"}],"predecessor-version":[{"id":2152,"href":"https:\/\/prosiga.cl\/blog\/wp-json\/wp\/v2\/posts\/2100\/revisions\/2152"}],"wp:featuredmedia":[{"embeddable":true,"href":"https:\/\/prosiga.cl\/blog\/wp-json\/wp\/v2\/media\/2115"}],"wp:attachment":[{"href":"https:\/\/prosiga.cl\/blog\/wp-json\/wp\/v2\/media?parent=2100"}],"wp:term":[{"taxonomy":"category","embeddable":true,"href":"https:\/\/prosiga.cl\/blog\/wp-json\/wp\/v2\/categories?post=2100"},{"taxonomy":"post_tag","embeddable":true,"href":"https:\/\/prosiga.cl\/blog\/wp-json\/wp\/v2\/tags?post=2100"}],"curies":[{"name":"wp","href":"https:\/\/api.w.org\/{rel}","templated":true}]}}