{"id":1756,"date":"2024-11-05T10:19:48","date_gmt":"2024-11-05T13:19:48","guid":{"rendered":"https:\/\/prosiga.cl\/blog\/?p=1756"},"modified":"2024-11-05T14:56:00","modified_gmt":"2024-11-05T17:56:00","slug":"cambios-organizacionales-en-prosiga-le-damos-la-bienvenida-a-nuestro-nuevo-gerente-de-infraestructura","status":"publish","type":"post","link":"https:\/\/prosiga.cl\/blog\/2024\/11\/05\/cambios-organizacionales-en-prosiga-le-damos-la-bienvenida-a-nuestro-nuevo-gerente-de-infraestructura\/","title":{"rendered":"Cambios organizacionales en PROSIGA: Le damos la bienvenida a nuestro nuevo Gerente de Infraestructura"},"content":{"rendered":"\t\t<div data-elementor-type=\"wp-post\" data-elementor-id=\"1756\" class=\"elementor elementor-1756\">\n\t\t\t\t\t\t\t<div class=\"elementor-element elementor-element-db826e1 e-flex e-con-boxed e-con e-parent\" data-id=\"db826e1\" data-element_type=\"container\" data-settings=\"{&quot;content_width&quot;:&quot;boxed&quot;}\" data-core-v316-plus=\"true\">\n\t\t\t\t\t<div class=\"e-con-inner\">\n\t\t\t\t<div class=\"elementor-element elementor-element-37e55e5 elementor-widget elementor-widget-text-editor\" data-id=\"37e55e5\" data-element_type=\"widget\" data-widget_type=\"text-editor.default\">\n\t\t\t\t<div class=\"elementor-widget-container\">\n\t\t\t<style>\/*! elementor - v3.18.0 - 20-12-2023 *\/\n.elementor-widget-text-editor.elementor-drop-cap-view-stacked .elementor-drop-cap{background-color:#69727d;color:#fff}.elementor-widget-text-editor.elementor-drop-cap-view-framed .elementor-drop-cap{color:#69727d;border:3px solid;background-color:transparent}.elementor-widget-text-editor:not(.elementor-drop-cap-view-default) .elementor-drop-cap{margin-top:8px}.elementor-widget-text-editor:not(.elementor-drop-cap-view-default) .elementor-drop-cap-letter{width:1em;height:1em}.elementor-widget-text-editor .elementor-drop-cap{float:left;text-align:center;line-height:1;font-size:50px}.elementor-widget-text-editor .elementor-drop-cap-letter{display:inline-block}<\/style>\t\t\t\t<p><span data-olk-copy-source=\"MessageBody\">Estimados Colaboradores\u00a0<\/span><\/p><p><img decoding=\"async\" class=\"wp-image-1767 alignright\" src=\"https:\/\/prosiga.cl\/blog\/wp-content\/uploads\/2024\/11\/thumbnail_ORGANIGRAMA_PROSIGA.jpg\" alt=\"\" width=\"168\" height=\"235\" \/><\/p><div><div>Queremos informarles sobre las recientes modificaciones en el organigrama de <b>PROSIG<\/b><b>A<\/b>, resultado de la integraci\u00f3n de las antiguas PROSIGA VFH, PROSIGA OHS e INGEMED. Estos cambios reflejan nuestro compromiso con la mejora continua y la optimizaci\u00f3n de recursos, con el objetivo de fortalecer nuestra posici\u00f3n en el mercado y mejorar la experiencia de nuestros clientes.<\/div><div>\u00a0<\/div><div class=\"x_elementToProof\">Nos complace anunciar que\u00a0<strong>David Espinoza Scherping<\/strong>, quien se desempe\u00f1aba como Gerente de Negocios, asume el cargo de Gerente General de\u00a0<b>PROSIGA<\/b>. Asimismo, le damos la bienvenida a <strong>Patricio Carrasco<\/strong>, quien se une a nosotros como nuevo Gerente del \u00e1rea de Infraestructura. Patricio es Ingeniero Civil y cuenta con una amplia trayectoria en empresas de la ingenier\u00eda de consulta.<\/div><div>\u00a0<\/div><div>Estas modificaciones han sido dise\u00f1adas para asegurar una alineaci\u00f3n m\u00e1s efectiva de nuestras operaciones con los objetivos estrat\u00e9gicos de PROSIGA, facilitando as\u00ed una mayor eficiencia y capacidad de respuesta en todos los niveles de nuestra organizaci\u00f3n.<\/div><\/div><div>\u00a0<\/div><div>\u00a0<\/div><div>\u00a0<\/div>\t\t\t\t\t\t<\/div>\n\t\t\t\t<\/div>\n\t\t\t\t\t<\/div>\n\t\t\t\t<\/div>\n\t\t<div class=\"elementor-element elementor-element-b65cf6b e-flex e-con-boxed e-con e-parent\" data-id=\"b65cf6b\" data-element_type=\"container\" data-settings=\"{&quot;content_width&quot;:&quot;boxed&quot;}\" data-core-v316-plus=\"true\">\n\t\t\t\t\t<div class=\"e-con-inner\">\n\t\t\t\t<div class=\"elementor-element elementor-element-5003cf8 elementor-widget elementor-widget-image\" data-id=\"5003cf8\" data-element_type=\"widget\" data-widget_type=\"image.default\">\n\t\t\t\t<div class=\"elementor-widget-container\">\n\t\t\t<style>\/*! elementor - v3.18.0 - 20-12-2023 *\/\n.elementor-widget-image{text-align:center}.elementor-widget-image a{display:inline-block}.elementor-widget-image a img[src$=\".svg\"]{width:48px}.elementor-widget-image img{vertical-align:middle;display:inline-block}<\/style>\t\t\t\t\t\t\t\t\t\t\t\t<img fetchpriority=\"high\" decoding=\"async\" width=\"1920\" height=\"1005\" src=\"https:\/\/prosiga.cl\/blog\/wp-content\/uploads\/2024\/11\/ORGANIGRAMA-PROSIGA_page-0001-1920x1005.jpg\" class=\"attachment-artemiz_fn_thumb-1920-0 size-artemiz_fn_thumb-1920-0 wp-image-1771\" alt=\"\" srcset=\"https:\/\/prosiga.cl\/blog\/wp-content\/uploads\/2024\/11\/ORGANIGRAMA-PROSIGA_page-0001-1920x1005.jpg 1920w, https:\/\/prosiga.cl\/blog\/wp-content\/uploads\/2024\/11\/ORGANIGRAMA-PROSIGA_page-0001-300x157.jpg 300w, https:\/\/prosiga.cl\/blog\/wp-content\/uploads\/2024\/11\/ORGANIGRAMA-PROSIGA_page-0001-1024x536.jpg 1024w, https:\/\/prosiga.cl\/blog\/wp-content\/uploads\/2024\/11\/ORGANIGRAMA-PROSIGA_page-0001-768x402.jpg 768w, https:\/\/prosiga.cl\/blog\/wp-content\/uploads\/2024\/11\/ORGANIGRAMA-PROSIGA_page-0001-1536x804.jpg 1536w, https:\/\/prosiga.cl\/blog\/wp-content\/uploads\/2024\/11\/ORGANIGRAMA-PROSIGA_page-0001-2048x1072.jpg 2048w, https:\/\/prosiga.cl\/blog\/wp-content\/uploads\/2024\/11\/ORGANIGRAMA-PROSIGA_page-0001-675x353.jpg 675w, https:\/\/prosiga.cl\/blog\/wp-content\/uploads\/2024\/11\/ORGANIGRAMA-PROSIGA_page-0001-1400x733.jpg 1400w\" sizes=\"(max-width: 1920px) 100vw, 1920px\" \/>\t\t\t\t\t\t\t\t\t\t\t\t\t\t\t<\/div>\n\t\t\t\t<\/div>\n\t\t\t\t\t<\/div>\n\t\t\t\t<\/div>\n\t\t\t\t\t\t\t<\/div>\n\t\t","protected":false},"excerpt":{"rendered":"<p>Estimados Colaboradores\u00a0 Queremos informarles sobre las recientes modificaciones en el organigrama de PROSIGA, resultado de la integraci\u00f3n de las antiguas PROSIGA VFH, PROSIGA OHS e INGEMED. Estos cambios reflejan nuestro compromiso con la mejora continua y la optimizaci\u00f3n de recursos, con el objetivo de fortalecer nuestra posici\u00f3n en el mercado y mejorar la experiencia de [&hellip;]<\/p>\n","protected":false},"author":3,"featured_media":1759,"comment_status":"open","ping_status":"open","sticky":false,"template":"","format":"standard","meta":{"footnotes":""},"categories":[22],"tags":[207,208,210,209],"class_list":["post-1756","post","type-post","status-publish","format-standard","has-post-thumbnail","hentry","category-prosiga","tag-cambio-organizacionales","tag-david-espinoza","tag-infrastructura","tag-patricio-carrasco"],"_links":{"self":[{"href":"https:\/\/prosiga.cl\/blog\/wp-json\/wp\/v2\/posts\/1756","targetHints":{"allow":["GET"]}}],"collection":[{"href":"https:\/\/prosiga.cl\/blog\/wp-json\/wp\/v2\/posts"}],"about":[{"href":"https:\/\/prosiga.cl\/blog\/wp-json\/wp\/v2\/types\/post"}],"author":[{"embeddable":true,"href":"https:\/\/prosiga.cl\/blog\/wp-json\/wp\/v2\/users\/3"}],"replies":[{"embeddable":true,"href":"https:\/\/prosiga.cl\/blog\/wp-json\/wp\/v2\/comments?post=1756"}],"version-history":[{"count":17,"href":"https:\/\/prosiga.cl\/blog\/wp-json\/wp\/v2\/posts\/1756\/revisions"}],"predecessor-version":[{"id":1778,"href":"https:\/\/prosiga.cl\/blog\/wp-json\/wp\/v2\/posts\/1756\/revisions\/1778"}],"wp:featuredmedia":[{"embeddable":true,"href":"https:\/\/prosiga.cl\/blog\/wp-json\/wp\/v2\/media\/1759"}],"wp:attachment":[{"href":"https:\/\/prosiga.cl\/blog\/wp-json\/wp\/v2\/media?parent=1756"}],"wp:term":[{"taxonomy":"category","embeddable":true,"href":"https:\/\/prosiga.cl\/blog\/wp-json\/wp\/v2\/categories?post=1756"},{"taxonomy":"post_tag","embeddable":true,"href":"https:\/\/prosiga.cl\/blog\/wp-json\/wp\/v2\/tags?post=1756"}],"curies":[{"name":"wp","href":"https:\/\/api.w.org\/{rel}","templated":true}]}}