{"id":1545,"date":"2024-09-03T15:35:56","date_gmt":"2024-09-03T18:35:56","guid":{"rendered":"https:\/\/prosigavfh.cl\/blog\/?p=1545"},"modified":"2024-09-03T15:41:33","modified_gmt":"2024-09-03T18:41:33","slug":"banco-central-detalla-relevancia-de-la-mineria-en-el-imacec-de-julio-2024","status":"publish","type":"post","link":"https:\/\/prosiga.cl\/blog\/2024\/09\/03\/banco-central-detalla-relevancia-de-la-mineria-en-el-imacec-de-julio-2024\/","title":{"rendered":"Banco Central detalla relevancia de la miner\u00eda en el Imacec de julio 2024"},"content":{"rendered":"\t\t<div data-elementor-type=\"wp-post\" data-elementor-id=\"1545\" class=\"elementor elementor-1545\">\n\t\t\t\t\t\t\t<div class=\"elementor-element elementor-element-5bc4dda9 e-flex e-con-boxed e-con e-parent\" data-id=\"5bc4dda9\" data-element_type=\"container\" data-settings=\"{&quot;content_width&quot;:&quot;boxed&quot;}\" data-core-v316-plus=\"true\">\n\t\t\t\t\t<div class=\"e-con-inner\">\n\t\t\t\t<div class=\"elementor-element elementor-element-1758dda4 elementor-widget elementor-widget-text-editor\" data-id=\"1758dda4\" data-element_type=\"widget\" data-widget_type=\"text-editor.default\">\n\t\t\t\t<div class=\"elementor-widget-container\">\n\t\t\t<style>\/*! elementor - v3.18.0 - 20-12-2023 *\/\n.elementor-widget-text-editor.elementor-drop-cap-view-stacked .elementor-drop-cap{background-color:#69727d;color:#fff}.elementor-widget-text-editor.elementor-drop-cap-view-framed .elementor-drop-cap{color:#69727d;border:3px solid;background-color:transparent}.elementor-widget-text-editor:not(.elementor-drop-cap-view-default) .elementor-drop-cap{margin-top:8px}.elementor-widget-text-editor:not(.elementor-drop-cap-view-default) .elementor-drop-cap-letter{width:1em;height:1em}.elementor-widget-text-editor .elementor-drop-cap{float:left;text-align:center;line-height:1;font-size:50px}.elementor-widget-text-editor .elementor-drop-cap-letter{display:inline-block}<\/style>\t\t\t\t<p><!-- wp:paragraph --><\/p>\n<p>De acuerdo con la informaci\u00f3n emitida por el Banco Central,\u00a0<strong>el Imacec de julio de 2024\u00a0creci\u00f3 4,2% en comparaci\u00f3n con igual mes del a\u00f1o anterior<\/strong>. La serie desestacionalizada\u00a0<strong>aument\u00f3 1,0% respecto del mes precedente y creci\u00f3 2,8% en doce meses<\/strong>. El mes registr\u00f3 un d\u00eda h\u00e1bil m\u00e1s que julio de 2023.<\/p>\n<p>\u00a0<\/p>\n<p><!-- \/wp:paragraph --><\/p>\n<p><!-- wp:paragraph --><\/p>\n<p>El resultado del Imacec se explic\u00f3 por el crecimiento de todos sus componentes, destacando por su contribuci\u00f3n\u00a0<strong>los servicios y la industria<\/strong>. Estas mismas actividades fueron las que impulsaron el Imacec en t\u00e9rminos desestacionalizados.<\/p>\n<p>\u00a0<\/p>\n<p><!-- \/wp:paragraph --><\/p>\n<p><!-- wp:heading {\"level\":3} --><\/p>\n<h3 class=\"wp-block-heading\"><strong>Producci\u00f3n de bienes<\/strong><\/h3>\n<div><strong>\u00a0<\/strong><\/div>\n<p><!-- \/wp:heading --><\/p>\n<p><!-- wp:paragraph --><\/p>\n<p>De acuerdo al informe presentado,\u00a0<strong>la producci\u00f3n de bienes aument\u00f3 3,4% en t\u00e9rminos anuales<\/strong>, resultado incidido por la industria y\u00a0<strong>la miner\u00eda<\/strong>. En la industria destac\u00f3 la mayor producci\u00f3n de alimentos, en particular, de la industria pesquera. En tanto, en\u00a0<strong>la miner\u00eda lo hizo la extracci\u00f3n de litio y de cobre<\/strong>. Por su parte, el resto de bienes present\u00f3 una variaci\u00f3n de 0,9%.<\/p>\n<p>\u00a0<\/p>\n<p><!-- \/wp:paragraph --><\/p>\n<p><!-- wp:paragraph --><\/p>\n<p>En t\u00e9rminos desestacionalizados, el documento expuesto por el Banco Central revel\u00f3 que la producci\u00f3n de bienes present\u00f3 un aumento de 0,7% respecto del mes precedente, explicado por la industria que creci\u00f3 4,4% y, en menor medida, por el resto de bienes que aument\u00f3 1,1%. Ambas agrupaciones impulsadas por los productos de la pesca.\u00a0<strong>Por su parte, la miner\u00eda cay\u00f3 2,5%.<\/strong><\/p>\n<p>\u00a0<\/p>\n<p><!-- \/wp:paragraph --><\/p>\n<p><!-- wp:paragraph --><\/p>\n<p>Fuente: <a href=\"https:\/\/www.bcentral.cl\/contenido\/-\/detalle\/imacec-julio-2024\" target=\"_blank\" rel=\"noopener\">Banco Central<\/a><\/p>\n<p><!-- \/wp:paragraph --><\/p>\n<p><!-- wp:paragraph --><\/p>\n<p><!-- \/wp:paragraph --><\/p>\t\t\t\t\t\t<\/div>\n\t\t\t\t<\/div>\n\t\t\t\t\t<\/div>\n\t\t\t\t<\/div>\n\t\t\t\t\t\t\t<\/div>\n\t\t","protected":false},"excerpt":{"rendered":"<p>De acuerdo con la informaci\u00f3n emitida por el Banco Central,\u00a0el Imacec de julio de 2024\u00a0creci\u00f3 4,2% en comparaci\u00f3n con igual mes del a\u00f1o anterior. La serie desestacionalizada\u00a0aument\u00f3 1,0% respecto del mes precedente y creci\u00f3 2,8% en doce meses. El mes registr\u00f3 un d\u00eda h\u00e1bil m\u00e1s que julio de 2023. \u00a0 El resultado del Imacec se [&hellip;]<\/p>\n","protected":false},"author":3,"featured_media":1547,"comment_status":"open","ping_status":"open","sticky":false,"template":"","format":"standard","meta":{"footnotes":""},"categories":[22],"tags":[186,187,185],"class_list":["post-1545","post","type-post","status-publish","format-standard","has-post-thumbnail","hentry","category-prosiga","tag-imacec","tag-industria","tag-minerica"],"_links":{"self":[{"href":"https:\/\/prosiga.cl\/blog\/wp-json\/wp\/v2\/posts\/1545","targetHints":{"allow":["GET"]}}],"collection":[{"href":"https:\/\/prosiga.cl\/blog\/wp-json\/wp\/v2\/posts"}],"about":[{"href":"https:\/\/prosiga.cl\/blog\/wp-json\/wp\/v2\/types\/post"}],"author":[{"embeddable":true,"href":"https:\/\/prosiga.cl\/blog\/wp-json\/wp\/v2\/users\/3"}],"replies":[{"embeddable":true,"href":"https:\/\/prosiga.cl\/blog\/wp-json\/wp\/v2\/comments?post=1545"}],"version-history":[{"count":10,"href":"https:\/\/prosiga.cl\/blog\/wp-json\/wp\/v2\/posts\/1545\/revisions"}],"predecessor-version":[{"id":1556,"href":"https:\/\/prosiga.cl\/blog\/wp-json\/wp\/v2\/posts\/1545\/revisions\/1556"}],"wp:featuredmedia":[{"embeddable":true,"href":"https:\/\/prosiga.cl\/blog\/wp-json\/wp\/v2\/media\/1547"}],"wp:attachment":[{"href":"https:\/\/prosiga.cl\/blog\/wp-json\/wp\/v2\/media?parent=1545"}],"wp:term":[{"taxonomy":"category","embeddable":true,"href":"https:\/\/prosiga.cl\/blog\/wp-json\/wp\/v2\/categories?post=1545"},{"taxonomy":"post_tag","embeddable":true,"href":"https:\/\/prosiga.cl\/blog\/wp-json\/wp\/v2\/tags?post=1545"}],"curies":[{"name":"wp","href":"https:\/\/api.w.org\/{rel}","templated":true}]}}