{"id":1432,"date":"2024-07-04T11:02:30","date_gmt":"2024-07-04T14:02:30","guid":{"rendered":"https:\/\/prosigavfh.cl\/blog\/?p=1432"},"modified":"2024-07-04T11:04:20","modified_gmt":"2024-07-04T14:04:20","slug":"grupo-o2-fortalece-su-area-de-compras-con-nueva-jefatura-y-nuevos-protocolos-de-compras-para-el-2024","status":"publish","type":"post","link":"https:\/\/prosiga.cl\/blog\/2024\/07\/04\/grupo-o2-fortalece-su-area-de-compras-con-nueva-jefatura-y-nuevos-protocolos-de-compras-para-el-2024\/","title":{"rendered":"Grupo-O2 Fortalece su \u00c1rea de Compras con Nueva Jefatura y Nuevos Protocolos de compras para el 2024"},"content":{"rendered":"\t\t<div data-elementor-type=\"wp-post\" data-elementor-id=\"1432\" class=\"elementor elementor-1432\">\n\t\t\t\t\t\t\t<div class=\"elementor-element elementor-element-b649170 e-flex e-con-boxed e-con e-parent\" data-id=\"b649170\" data-element_type=\"container\" data-settings=\"{&quot;content_width&quot;:&quot;boxed&quot;}\" data-core-v316-plus=\"true\">\n\t\t\t\t\t<div class=\"e-con-inner\">\n\t\t\t\t<div class=\"elementor-element elementor-element-52788f15 elementor-widget elementor-widget-text-editor\" data-id=\"52788f15\" data-element_type=\"widget\" data-widget_type=\"text-editor.default\">\n\t\t\t\t<div class=\"elementor-widget-container\">\n\t\t\t<style>\/*! elementor - v3.18.0 - 20-12-2023 *\/\n.elementor-widget-text-editor.elementor-drop-cap-view-stacked .elementor-drop-cap{background-color:#69727d;color:#fff}.elementor-widget-text-editor.elementor-drop-cap-view-framed .elementor-drop-cap{color:#69727d;border:3px solid;background-color:transparent}.elementor-widget-text-editor:not(.elementor-drop-cap-view-default) .elementor-drop-cap{margin-top:8px}.elementor-widget-text-editor:not(.elementor-drop-cap-view-default) .elementor-drop-cap-letter{width:1em;height:1em}.elementor-widget-text-editor .elementor-drop-cap{float:left;text-align:center;line-height:1;font-size:50px}.elementor-widget-text-editor .elementor-drop-cap-letter{display:inline-block}<\/style>\t\t\t\t<!-- wp:paragraph -->\n<p><img fetchpriority=\"high\" decoding=\"async\" class=\" wp-image-1436 alignleft\" src=\"https:\/\/prosigavfh.cl\/blog\/wp-content\/uploads\/2024\/07\/Corina-Vidal-1-269x300.jpg\" alt=\"\" width=\"242\" height=\"270\" srcset=\"https:\/\/prosiga.cl\/blog\/wp-content\/uploads\/2024\/07\/Corina-Vidal-1-269x300.jpg 269w, https:\/\/prosiga.cl\/blog\/wp-content\/uploads\/2024\/07\/Corina-Vidal-1-917x1024.jpg 917w, https:\/\/prosiga.cl\/blog\/wp-content\/uploads\/2024\/07\/Corina-Vidal-1-768x857.jpg 768w, https:\/\/prosiga.cl\/blog\/wp-content\/uploads\/2024\/07\/Corina-Vidal-1-1376x1536.jpg 1376w, https:\/\/prosiga.cl\/blog\/wp-content\/uploads\/2024\/07\/Corina-Vidal-1-1834x2048.jpg 1834w, https:\/\/prosiga.cl\/blog\/wp-content\/uploads\/2024\/07\/Corina-Vidal-1-675x754.jpg 675w, https:\/\/prosiga.cl\/blog\/wp-content\/uploads\/2024\/07\/Corina-Vidal-1-1400x1563.jpg 1400w, https:\/\/prosiga.cl\/blog\/wp-content\/uploads\/2024\/07\/Corina-Vidal-1-1920x2143.jpg 1920w\" sizes=\"(max-width: 242px) 100vw, 242px\" \/>Grupo-O2 se mantiene en constante crecimiento y con nuevos colaboradores para nuestras \u00e1reas en este 2024. Por este motivo, el \u00c1rea de Compras del grupo recibe a\u00a0<strong>Corina Vidal<\/strong>, como nueva jefa de \u00c1rea, para as\u00ed liderar los desaf\u00edos de este a\u00f1o, junto con el equipo de trabajo conformado por\u00a0<strong>Hans Castro<\/strong>\u00a0de PROSIGA VFH y\u00a0<strong>Johan Acevedo<\/strong>\u00a0de B2BRENTAL.<\/p>\n<p>\u00a0<\/p>\n<!-- \/wp:paragraph --><!-- wp:paragraph -->\n<p><strong><em>\u00bfC\u00f3mo ha sido la integraci\u00f3n a este nuevo grupo del \u00e1rea de compras de la empresa?<\/em><\/strong><\/p>\n<p>\u00a0<\/p>\n<!-- \/wp:paragraph --><!-- wp:paragraph -->\n<p>Ha sido muy bueno, me he adaptado muy bien con el equipo, estamos en el proceso de puesta en marcha de los nuevos protocolos, donde debemos informar a todas las empresas del holding y llevarlas por una l\u00ednea corporativa de compras, que incluye procesos indispensables para el orden, ahorro y comportamiento eficiente. Todo eso como parte del proceso \u00a0de adaptaci\u00f3n de todo el uso de sistemas y compromiso con el departamento.<\/p>\n<p>\u00a0<\/p>\n<!-- \/wp:paragraph --><!-- wp:paragraph -->\n<p><strong><em>Los nuevos protocolos \u00bfHan significado un avance para el \u00e1rea o a\u00fan est\u00e1 en fase experimental?<\/em><\/strong><\/p>\n<p>\u00a0<\/p>\n<!-- \/wp:paragraph --><!-- wp:paragraph -->\n<p>Obviamente los nuevos protocolos son un avance positivo, estamos en proceso de implementaci\u00f3n y esperamos a corto plazo que todos los profesionales puedan interactuar con facilidad y rapidez. A partir de ahora, deben no solo solicitar, sino presentar cotizaciones que quiz\u00e1s ya han realizado antes, pero que el \u00e1rea se encargar\u00e1 de reevaluar, aprobar o buscar las mejores alternativas. Por donde se mire, estos protocolos son y ser\u00e1n un avance para el departamento, entendiendo que son parte de un proceso de transici\u00f3n que llevar\u00e1 tiempo para que se adapte.<\/p>\n<p>\u00a0<\/p>\n<!-- \/wp:paragraph --><!-- wp:paragraph -->\n<p>\u00a0La nueva \u00e1rea de Compras del Grupo O2 se establece con el firme prop\u00f3sito de optimizar la adquisici\u00f3n de bienes y servicios para todas las entidades bajo su ala corporativa. Con una visi\u00f3n estrat\u00e9gica centrada en la eficiencia operativa y la maximizaci\u00f3n del valor para cada unidad de negocio, esta \u00e1rea se orienta a consolidar las compras, negociar mejores t\u00e9rminos y condiciones con proveedores clave, asegurando la calidad y disponibilidad oportuna de los productos y servicios que nos soliciten.<\/p>\n<p>\u00a0<\/p>\n<!-- \/wp:paragraph --><!-- wp:paragraph -->\n<p><strong><em>\u00bfCu\u00e1les son los desaf\u00edos profesionales para ti en este nuevo puesto?<\/em><\/strong><\/p>\n<p>\u00a0<\/p>\n<!-- \/wp:paragraph --><!-- wp:paragraph -->\n<p>Los desaf\u00edos profesionales son significativos. Esta es una nueva \u00e1rea del holding, la idea es que sea transversal, si bien ya ten\u00edamos un encargado, estaba limitado a la empresa en la que se trabajaba, ahora lo queremos hacer de forma general y m\u00e1s profesional, estableciendo r\u00e1pidamente la implementaci\u00f3n de los sistemas, Adem\u00e1s intentar balancear la presi\u00f3n por reducir costos con la necesidad de mantener los est\u00e1ndares de calidad y cumplimiento. Esto implica tomar ciertas decisiones en t\u00e9rminos de selecci\u00f3n de proveedores y negociaci\u00f3n de contratos, asegurando que las operaciones diarias no se vean afectadas.<\/p>\n<p>\u00a0<\/p>\n<!-- \/wp:paragraph --><!-- wp:paragraph -->\n<p>A nivel personal es un gran desaf\u00edo, llevo muchos a\u00f1os en este Grupo de empresa con diversos cargos y responsabilidades, y este nuevo paso implica poder seguir creciendo y demostrando mis capacidades y la eficiencia de mi trabajo en pro del nuevo cargo, y por supuesto de mantener el norte hacia el beneficio de todas las empresas.<\/p>\n<p>\u00a0<\/p>\n<!-- \/wp:paragraph --><!-- wp:paragraph -->\n<p><strong><em>Y para el \u00e1rea \u00bfCu\u00e1les son los desaf\u00edos del a\u00f1o 2024?<\/em><\/strong><\/p>\n<p>\u00a0<\/p>\n<!-- \/wp:paragraph --><!-- wp:paragraph -->\n<p>Los desaf\u00edos para el \u00e1rea no son pocos, en los meses que quedan de este 2024, debemos poner en marcha el \u00e1rea, que todos los protocolos sean conocidos por todos los colaboradores, implementando el cambio de forma efectiva y que todas las \u00e1reas se complementen.<\/p>\n<p>\u00a0<\/p>\n<!-- \/wp:paragraph --><!-- wp:paragraph -->\n<p>Uno de nuestros principales objetivos incluye tener una buena comunicaci\u00f3n con todas las \u00e1reas de las empresas que necesiten comprar, que los protocolos de compra sean manejador por todos y que sea una herramienta eficiente, tener buenos proveedores de bienes y servicios, reducir costos, mejorar los tiempos de entrega, y fortalecer las relaciones con proveedores para fomentar acuerdos beneficiosos a corto y mediano plazo.\u00a0<\/p>\n<p>\u00a0<\/p>\n<!-- \/wp:paragraph --><!-- wp:paragraph -->\n<p>As\u00ed, la nueva \u00e1rea de Compras no solo busca optimizar recursos, sino tambi\u00e9n convertirse en un motor clave para el crecimiento sostenible y la competitividad del Grupo O2 en el mercado empresarial actual.\u00a0Contamos con la experiencia y compromiso de Corina para poder llevar adelante todos los desaf\u00edos propuestos para el \u00e1rea.\u00a0Junto con esta incorporaci\u00f3n al \u00e1rea, tambi\u00e9n tendremos nuevos protocolos para mejorar los procedimientos al momento de generar una compra.<\/p>\n<p>\u00a0<\/p>\n<!-- \/wp:paragraph --><!-- wp:paragraph -->\n<p><strong>Nuevos Protocolos<\/strong><\/p>\n<p>\u00a0<\/p>\n<!-- \/wp:paragraph --><!-- wp:paragraph -->\n<p>Para estandarizar y mejorar nuestros procedimientos de compras, se han \u00a0implementado nuevos protocolos obligatorios en todas nuestras empresas:<\/p>\n<p>\u00a0<\/p>\n<!-- \/wp:paragraph --><!-- wp:paragraph -->\n<p><strong>\u2022 BIENES:<\/strong><\/p>\n<p>\u00a0<\/p>\n<!-- \/wp:paragraph --><!-- wp:paragraph -->\n<p>Todos los requerimientos de compra de bienes deben ser enviados al \u00e1rea de compras, sin excepci\u00f3n. Si se cuenta con presupuesto disponible, adjuntarlo para agilizar el proceso.\u00a0Nuestro equipo se encarga de cotizar y adquirir la mejor opci\u00f3n.<\/p>\n<p>\u00a0<\/p>\n<!-- \/wp:paragraph --><!-- wp:paragraph -->\n<p style=\"text-align: center;\"><strong><em>TODAS LAS SOLICITUDES DEBEN ENVIARSE AL CORREO: COMPRAS@GRUPO-O2.CL<\/em><\/strong><\/p>\n<p>\u00a0<\/p>\n<!-- \/wp:paragraph --><!-- wp:paragraph -->\n<p><strong>\u2022 SERVICIOS PROFESIONALES:<\/strong><\/p>\n<p>\u00a0<\/p>\n<!-- \/wp:paragraph --><!-- wp:list -->\n<ul><!-- wp:list-item -->\n<li>Evaluaci\u00f3n de Proveedores: Inicialmente, los gerentes de operaciones de cada empresa del grupo deben enviar una lista de todos los servicios que necesiten ser reevaluados y buscar nuevos proveedores. Con esta informaci\u00f3n, se proporcionar\u00e1n alternativas para ser ingresadas a la base de datos de proveedores de cada empresa.<\/li>\n<!-- \/wp:list-item --><\/ul>\n<p>\u00a0<\/p>\n<!-- \/wp:list --><!-- wp:paragraph -->\n<p><strong>El objetivo es iniciar un proceso de cotizaci\u00f3n tanto con proveedores antiguos como nuevos.<\/strong><\/p>\n<p>\u00a0<\/p>\n<!-- \/wp:paragraph --><!-- wp:list -->\n<ul><!-- wp:list-item -->\n<li>Solicitud de Cotizaciones: Todas las solicitudes de cotizaci\u00f3n de servicios profesionales creadas en el SharePoint deben ser adjuntadas con al menos 3 cotizaciones, de no ser as\u00ed, la solicitud debe ser enviada al \u00e1rea de compras para que realice la b\u00fasqueda del proveedor y solicite la cotizaci\u00f3n. Una vez recopiladas todas las cotizaciones, se realizar\u00e1 una revisi\u00f3n con el jefe de \u00e1rea para tomar la decisi\u00f3n adecuada. El objetivo es tener m\u00faltiples opciones para negociar con proveedores antiguos y nuevos, garantizando las mejores condiciones para nuestra empresa.<\/li>\n<!-- \/wp:list-item --><\/ul>\n<!-- \/wp:list --><!-- wp:paragraph -->\n<p>\u00a0Estos protocolos son fundamentales para asegurar la transparencia, eficiencia y optimizaci\u00f3n de nuestros procesos de compras, por ende, es de suma importancia la colaboraci\u00f3n y el compromiso de todos los colaboradores en la implementaci\u00f3n y cumplimiento de estos nuevos procedimientos, que contribuir\u00e1n al crecimiento y desarrollo sostenible del Grupo-O2.<\/p>\n<!-- \/wp:paragraph -->\t\t\t\t\t\t<\/div>\n\t\t\t\t<\/div>\n\t\t\t\t\t<\/div>\n\t\t\t\t<\/div>\n\t\t\t\t\t\t\t<\/div>\n\t\t","protected":false},"excerpt":{"rendered":"<p>Grupo-O2 se mantiene en constante crecimiento y con nuevos colaboradores para nuestras \u00e1reas en este 2024. Por este motivo, el \u00c1rea de Compras del grupo recibe a\u00a0Corina Vidal, como nueva jefa de \u00c1rea, para as\u00ed liderar los desaf\u00edos de este a\u00f1o, junto con el equipo de trabajo conformado por\u00a0Hans Castro\u00a0de PROSIGA VFH y\u00a0Johan Acevedo\u00a0de B2BRENTAL. [&hellip;]<\/p>\n","protected":false},"author":3,"featured_media":1435,"comment_status":"open","ping_status":"open","sticky":false,"template":"","format":"standard","meta":{"footnotes":""},"categories":[22],"tags":[173,171,117],"class_list":["post-1432","post","type-post","status-publish","format-standard","has-post-thumbnail","hentry","category-prosiga","tag-area-de-compras","tag-compras","tag-prosiga"],"_links":{"self":[{"href":"https:\/\/prosiga.cl\/blog\/wp-json\/wp\/v2\/posts\/1432","targetHints":{"allow":["GET"]}}],"collection":[{"href":"https:\/\/prosiga.cl\/blog\/wp-json\/wp\/v2\/posts"}],"about":[{"href":"https:\/\/prosiga.cl\/blog\/wp-json\/wp\/v2\/types\/post"}],"author":[{"embeddable":true,"href":"https:\/\/prosiga.cl\/blog\/wp-json\/wp\/v2\/users\/3"}],"replies":[{"embeddable":true,"href":"https:\/\/prosiga.cl\/blog\/wp-json\/wp\/v2\/comments?post=1432"}],"version-history":[{"count":5,"href":"https:\/\/prosiga.cl\/blog\/wp-json\/wp\/v2\/posts\/1432\/revisions"}],"predecessor-version":[{"id":1439,"href":"https:\/\/prosiga.cl\/blog\/wp-json\/wp\/v2\/posts\/1432\/revisions\/1439"}],"wp:featuredmedia":[{"embeddable":true,"href":"https:\/\/prosiga.cl\/blog\/wp-json\/wp\/v2\/media\/1435"}],"wp:attachment":[{"href":"https:\/\/prosiga.cl\/blog\/wp-json\/wp\/v2\/media?parent=1432"}],"wp:term":[{"taxonomy":"category","embeddable":true,"href":"https:\/\/prosiga.cl\/blog\/wp-json\/wp\/v2\/categories?post=1432"},{"taxonomy":"post_tag","embeddable":true,"href":"https:\/\/prosiga.cl\/blog\/wp-json\/wp\/v2\/tags?post=1432"}],"curies":[{"name":"wp","href":"https:\/\/api.w.org\/{rel}","templated":true}]}}